{"id":25107,"date":"2024-04-14T13:34:12","date_gmt":"2024-04-14T17:34:12","guid":{"rendered":"https:\/\/www.radiosanctispiritus.cu\/es\/?p=25107"},"modified":"2024-04-14T22:37:52","modified_gmt":"2024-04-15T02:37:52","slug":"no-hay-derrame-de-petroleo-en-descarrilamiento-de-tren","status":"publish","type":"post","link":"https:\/\/www.radiosanctispiritus.cu\/es\/no-hay-derrame-de-petroleo-en-descarrilamiento-de-tren\/","title":{"rendered":"No hay derrame de petr\u00f3leo en descarrilamiento de tren"},"content":{"rendered":"<p>No existe derrame de petr\u00f3leo, tras el descarrilamiento del tren extra 900 que transportaba el producto crudo con destino a la refiner\u00eda Sergio Soto ocurrido este s\u00e1bado a las 14:30 horas en el kil\u00f3metro 364.2 de la L\u00ednea Central, en la provincia de Sancti Sp\u00edritus, seg\u00fan confirm\u00f3 la Uni\u00f3n de Ferrocarriles de Cuba en la red social digital<br \/>\nFacebook.<\/p>\n<p>Seg\u00fan reportes a Radio Sancti Sp\u00edritus de Mijail Bonachea Crespo, director de la Refiner\u00eda Sergio Soto de Cabaiguan, desde el mismo momento del suceso \u201cse trasladaron al lugar las fuerzas de mantenimiento nuestras, intervinieron los dos carros cisternas que se descarrilaron. En ese momento ten\u00edan un peque\u00f1o derrame por las<br \/>\ntapas porque al virarse el carro se partieron algunos tornillos\u201d.<\/p>\n<p>\u201cInmediatamente se le pusieron tornillos nuevos y se reapretaron todas las tapas para evitar que el producto se derramara, desde ayer no hay derrame\u201d.<\/p>\n<p>El directivo explic\u00f3 que este domingo se aplicar\u00e1n otras acciones.<\/p>\n<p>\u201cPara poder evacuar ese producto se necesita realizar un corte y soldadura especializado, con un equipo que se encarga de este tipo de labor y lo realiza con el producto dentro en caliente. Esos especialistas son de la capital del pa\u00eds y se est\u00e1n trasladando desde Santiago de Cuba. Apenas lleguen, comenzar\u00e1n los trabajos que permitir\u00e1n despu\u00e9s evacuar el producto que est\u00e1 dentro del carro tanque. Tras la extracci\u00f3n lo llevamos a la Refiner\u00eda para poder procesarlo\u201d.<\/p>\n<p>SE TRABAJA EN EL RESTABLECIMIENTO DEL TRAMO DE LINEA DA\u00d1ADO<\/p>\n<p>Este domingo se trabaja intensamente en el restablecimiento del tramo de l\u00ednea da\u00f1ado. Desde el lugar del accidente el colega del peri\u00f3dico Escambray Jos\u00e9 Luis Camell\u00f3n reporta que \u201cdesde la tarde anterior varias brigadas de la UEB V\u00edas y Puentes del sector ferroviario espirituano, junto a fuerzas del Ej\u00e9rcito Juvenil del Trabajo (EJT) y especialistas, acometen trabajos para resarcir los da\u00f1os en la v\u00eda f\u00e9rrea\u201d<\/p>\n<p>En informaci\u00f3n que publica en la versi\u00f3n digital de Escambray, Camell\u00f3n da cuenta de que \u201cdirectivos de la UEB y de la empresa de reparaci\u00f3n de v\u00edas del Centro explicaron la complejidad de las labores para recuperar alrededor de 300 metros de l\u00ednea y donde es necesario tambi\u00e9n cambiar cerca de 400 traviesas de hormig\u00f3n\u201d.<\/p>\n<p>El reporte abunda que \u201ctrascendi\u00f3 que se cuenta con los recursos y el equipamiento t\u00e9cnico especializado en aras de trabajar este domingo ininterrumpidamente y aspirar a dar paso y restablecer la circulaci\u00f3n de trenes nacionales, que desde la jornada anterior se realiza de forma alternativa por el ramal Zaza del Medio\u201d<\/p>\n","protected":false},"excerpt":{"rendered":"<p>No existe derrame de petr\u00f3leo, tras el descarrilamiento del tren extra 900 que transportaba el producto crudo con destino a la refiner\u00eda Sergio Soto ocurrido este s\u00e1bado a las 14:30 horas en el kil\u00f3metro 364.2 de la L\u00ednea Central, en la provincia de Sancti Sp\u00edritus. Este domingo se trabaja intensamente en el restablecimiento del tramo de l\u00ednea da\u00f1ado.<\/p>\n","protected":false},"author":14,"featured_media":25112,"comment_status":"open","ping_status":"open","sticky":false,"template":"","format":"standard","meta":{"_acf_changed":false,"footnotes":""},"categories":[16,8,1],"tags":[145,459],"coauthors":[],"class_list":["post-25107","post","type-post","status-publish","format-standard","has-post-thumbnail","hentry","category-economia","category-noticia","category-sancti-spiritus","tag-accidente","tag-ferrocarril"],"acf":[],"_links":{"self":[{"href":"https:\/\/www.radiosanctispiritus.cu\/es\/wp-json\/wp\/v2\/posts\/25107","targetHints":{"allow":["GET"]}}],"collection":[{"href":"https:\/\/www.radiosanctispiritus.cu\/es\/wp-json\/wp\/v2\/posts"}],"about":[{"href":"https:\/\/www.radiosanctispiritus.cu\/es\/wp-json\/wp\/v2\/types\/post"}],"author":[{"embeddable":true,"href":"https:\/\/www.radiosanctispiritus.cu\/es\/wp-json\/wp\/v2\/users\/14"}],"replies":[{"embeddable":true,"href":"https:\/\/www.radiosanctispiritus.cu\/es\/wp-json\/wp\/v2\/comments?post=25107"}],"version-history":[{"count":0,"href":"https:\/\/www.radiosanctispiritus.cu\/es\/wp-json\/wp\/v2\/posts\/25107\/revisions"}],"wp:featuredmedia":[{"embeddable":true,"href":"https:\/\/www.radiosanctispiritus.cu\/es\/wp-json\/wp\/v2\/media\/25112"}],"wp:attachment":[{"href":"https:\/\/www.radiosanctispiritus.cu\/es\/wp-json\/wp\/v2\/media?parent=25107"}],"wp:term":[{"taxonomy":"category","embeddable":true,"href":"https:\/\/www.radiosanctispiritus.cu\/es\/wp-json\/wp\/v2\/categories?post=25107"},{"taxonomy":"post_tag","embeddable":true,"href":"https:\/\/www.radiosanctispiritus.cu\/es\/wp-json\/wp\/v2\/tags?post=25107"},{"taxonomy":"author","embeddable":true,"href":"https:\/\/www.radiosanctispiritus.cu\/es\/wp-json\/wp\/v2\/coauthors?post=25107"}],"curies":[{"name":"wp","href":"https:\/\/api.w.org\/{rel}","templated":true}]}}