{"id":24996,"date":"2024-04-12T22:32:50","date_gmt":"2024-04-13T02:32:50","guid":{"rendered":"https:\/\/www.radiosanctispiritus.cu\/es\/?p=24996"},"modified":"2024-04-12T22:32:50","modified_gmt":"2024-04-13T02:32:50","slug":"constata-presidente-cubano-labor-de-entidades-productivas","status":"publish","type":"post","link":"https:\/\/www.radiosanctispiritus.cu\/es\/constata-presidente-cubano-labor-de-entidades-productivas\/","title":{"rendered":"Constata presidente cubano labor de entidades productivas"},"content":{"rendered":"<p>Hasta las tierras de la Finca Arroy\u00f3n, subordinada a la Empresa Agroindustrial Municipal Jes\u00fas Men\u00e9ndez lleg\u00f3 este viernes Miguel D\u00edaz-Canel, Primer Secretario del Comit\u00e9 Central del Partido Comunista de Cuba (CC PCC) y Presidente de la Rep\u00fablica, como parte de un recorrido por entidades de inter\u00e9s econ\u00f3mico de ese municipio tunero.<\/p>\n<p>Seg\u00fan inform\u00f3 en X la Presidencia, el Jefe de Estado insisti\u00f3 en que la nueva empresa, que fortalece las estructuras productivas del municipio, debe nacer sin deudas.<\/p>\n<p>Esas \u00e1reas formaban parte del patrimonio de una empresa nacional que acumul\u00f3 deudas en periodos anteriores, aunque los primeros meses de 2024 han obtenido resultados alentadores, sobre todo los relacionados con la producci\u00f3n de leche y carne.<\/p>\n<p>Alexander Almaguer Gallego, director de la entidad, coment\u00f3 sobre la siembra de cultivos varios como yuca, pl\u00e1tano boniato, garbanzo y frutas, as\u00ed como la recuperaci\u00f3n de tierras dedicadas a la ganader\u00eda.<\/p>\n<p>Tres meses atr\u00e1s no hab\u00eda casi sembrados y las m\u00e1quinas de riego estaban rotas, pero hoy la recuperaci\u00f3n en las \u00e1reas es evidente, seg\u00fan pudo constatar el mandatario, acompa\u00f1ado por Roberto Morales Ojeda, miembro del Bur\u00f3 Pol\u00edtico y Secretario de Organizaci\u00f3n del CC PCC.<\/p>\n<p>Al respecto, D\u00edaz-Canel se\u00f1al\u00f3 que se deben sacar experiencias, para que la situaci\u00f3n no se repita.<\/p>\n<p>El presidente cubano visit\u00f3 tambi\u00e9n la F\u00e1brica de Tableros de Bagazo M\u00e1ximo G\u00f3mez B\u00e1ez, perteneciente a la UEB Derivados Antonio Guiteras, detenida en este momento por la falta de lubricantes y por la contingencia energ\u00e9tica que enfrenta el pa\u00eds.<\/p>\n<p>Este colectivo ha ampliado su objeto social, incluyendo ahora una carpinter\u00eda, cuyas producciones son destinadas a organismos y a la poblaci\u00f3n.<\/p>\n<p>El mandatario convers\u00f3 tambi\u00e9n con los habitantes del municipio Jes\u00fas Men\u00e9ndez, a quienes explic\u00f3 que en el di\u00e1logo con las autoridades de la localidad y la provincia se abordan temas como situaci\u00f3n de vivienda y viales e indicadores sociales como cobertura docente, programa materno infantil y otros servicios de Salud.<\/p>\n<p>En la jornada, D\u00edaz-Canel visit\u00f3 tambi\u00e9n el Parque E\u00f3lico de Herradura, donde insisti\u00f3 en trabajar en el montaje gradual de los 22 aerogeneradores que est\u00e1n en el pa\u00eds y llam\u00f3 a acelerar las obras constructivas y alistar las redes de transmisi\u00f3n y las subestaciones, para avanzar en la concreci\u00f3n del proyecto.<\/p>\n","protected":false},"excerpt":{"rendered":"<p>Hasta las tierras de la Finca Arroy\u00f3n, subordinada a la Empresa Agroindustrial Municipal Jes\u00fas Men\u00e9ndez lleg\u00f3 este viernes Miguel D\u00edaz-Canel, Primer Secretario del Comit\u00e9 Central del Partido Comunista de Cuba (CC PCC) y Presidente de la Rep\u00fablica, como parte de un recorrido por entidades de inter\u00e9s econ\u00f3mico de ese municipio tunero.<\/p>\n","protected":false},"author":123,"featured_media":24997,"comment_status":"open","ping_status":"open","sticky":false,"template":"","format":"standard","meta":{"_acf_changed":false,"footnotes":""},"categories":[3,16,8],"tags":[934,28],"coauthors":[],"class_list":["post-24996","post","type-post","status-publish","format-standard","has-post-thumbnail","hentry","category-cuba","category-economia","category-noticia","tag-las-tunas","tag-miguel-diaz-canel"],"acf":[],"_links":{"self":[{"href":"https:\/\/www.radiosanctispiritus.cu\/es\/wp-json\/wp\/v2\/posts\/24996","targetHints":{"allow":["GET"]}}],"collection":[{"href":"https:\/\/www.radiosanctispiritus.cu\/es\/wp-json\/wp\/v2\/posts"}],"about":[{"href":"https:\/\/www.radiosanctispiritus.cu\/es\/wp-json\/wp\/v2\/types\/post"}],"author":[{"embeddable":true,"href":"https:\/\/www.radiosanctispiritus.cu\/es\/wp-json\/wp\/v2\/users\/123"}],"replies":[{"embeddable":true,"href":"https:\/\/www.radiosanctispiritus.cu\/es\/wp-json\/wp\/v2\/comments?post=24996"}],"version-history":[{"count":0,"href":"https:\/\/www.radiosanctispiritus.cu\/es\/wp-json\/wp\/v2\/posts\/24996\/revisions"}],"wp:featuredmedia":[{"embeddable":true,"href":"https:\/\/www.radiosanctispiritus.cu\/es\/wp-json\/wp\/v2\/media\/24997"}],"wp:attachment":[{"href":"https:\/\/www.radiosanctispiritus.cu\/es\/wp-json\/wp\/v2\/media?parent=24996"}],"wp:term":[{"taxonomy":"category","embeddable":true,"href":"https:\/\/www.radiosanctispiritus.cu\/es\/wp-json\/wp\/v2\/categories?post=24996"},{"taxonomy":"post_tag","embeddable":true,"href":"https:\/\/www.radiosanctispiritus.cu\/es\/wp-json\/wp\/v2\/tags?post=24996"},{"taxonomy":"author","embeddable":true,"href":"https:\/\/www.radiosanctispiritus.cu\/es\/wp-json\/wp\/v2\/coauthors?post=24996"}],"curies":[{"name":"wp","href":"https:\/\/api.w.org\/{rel}","templated":true}]}}