{"id":24957,"date":"2024-04-13T08:39:10","date_gmt":"2024-04-13T12:39:10","guid":{"rendered":"https:\/\/www.radiosanctispiritus.cu\/es\/?p=24957"},"modified":"2024-04-13T08:45:14","modified_gmt":"2024-04-13T12:45:14","slug":"resguarda-fiesta-del-tabaco-canariguan-2024-tradiciones-canarias-y-campesinas","status":"publish","type":"post","link":"https:\/\/www.radiosanctispiritus.cu\/es\/resguarda-fiesta-del-tabaco-canariguan-2024-tradiciones-canarias-y-campesinas\/","title":{"rendered":"Resguarda fiesta del tabaco Canariguan 2024, tradiciones canarias y campesinas"},"content":{"rendered":"<p>Para la Fiesta del Tabaco Canarigu\u00e1n 2024 el frivolit\u00e9, el encaje de Tenerife y otras puntadas con el estilo de las siete islas no son novedad; desde que Cabaigu\u00e1n concibiera el evento estas manualidades combinan dos jornadas a favor del rescate y la conservaci\u00f3n del patrimonio cultural inmaterial.<\/p>\n<audio class=\"wp-audio-shortcode\" id=\"audio-24957-1\" preload=\"none\" style=\"width: 100%;\" controls=\"controls\"><source type=\"audio\/mpeg\" src=\"https:\/\/www.ivoox.com\/alexei-al-dia-11-4-24_md_127419051_wp_1.mp3?_=1\" \/><a href=\"https:\/\/www.ivoox.com\/alexei-al-dia-11-4-24_md_127419051_wp_1.mp3\" target=\"_blank\" rel=\"noopener\">https:\/\/www.ivoox.com\/alexei-al-dia-11-4-24_md_127419051_wp_1.mp3<\/a><\/audio>\n<p>Justo en la primera plana de la XVIII edici\u00f3n de la cita permanecer\u00e1 el Grupo de tejidos y bordados canarios, uno de los proyectos afines a la Casa Canaria del municipio al que dedican el encuentro bienal.<\/p>\n<p>Mario Luis L\u00f3pez Isla, presidente de la Asociaci\u00f3n Canaria de Cuba Leonor P\u00e9rez Cabrera en la localidad, precisa que el reconocimiento honra la obra de generaciones de f\u00e9minas a cargo de preservar la tradici\u00f3n heredada de sus descendientes, los emigrantes isle\u00f1os asentados aqu\u00ed.<\/p>\n<p>A medida que las creadoras agiten las agujas y empujen el dedal, exhibir\u00e1n tapetes, pa\u00f1uelos, blusas y dem\u00e1s dise\u00f1os para decorar la Fiesta del Tabaco Canarigu\u00e1n, espacio que para la apertura reserva un programa cient\u00edfico encaminado a continuar indagando en siglos de identidad, desde el arte y la investigaci\u00f3n.<\/p>\n<p>L\u00f3pez Isla a\u00f1adi\u00f3 que las actividades promotoras de esa mezcla entre el folclor canario y cubano incluyen presentaciones literarias, la actuaci\u00f3n de la unidad art\u00edstica A\u00f1oranza y la muestra de platos t\u00edpicos.<\/p>\n","protected":false},"excerpt":{"rendered":"<p>Para la Fiesta del Tabaco Canarigu\u00e1n 2024 el frivolit\u00e9, el encaje de Tenerife y otras puntadas con el estilo de las siete islas no son novedad; desde que Cabaigu\u00e1n concibiera el evento estas manualidades combinan dos jornadas a favor del rescate y la conservaci\u00f3n del patrimonio cultural inmaterial.<\/p>\n","protected":false},"author":121,"featured_media":25013,"comment_status":"open","ping_status":"open","sticky":false,"template":"","format":"standard","meta":{"_acf_changed":false,"footnotes":""},"categories":[1],"tags":[133,654,32,1149],"coauthors":[],"class_list":["post-24957","post","type-post","status-publish","format-standard","has-post-thumbnail","hentry","category-sancti-spiritus","tag-cabaiguan","tag-islas-canarias","tag-patrimonio","tag-tradiciones"],"acf":[],"_links":{"self":[{"href":"https:\/\/www.radiosanctispiritus.cu\/es\/wp-json\/wp\/v2\/posts\/24957","targetHints":{"allow":["GET"]}}],"collection":[{"href":"https:\/\/www.radiosanctispiritus.cu\/es\/wp-json\/wp\/v2\/posts"}],"about":[{"href":"https:\/\/www.radiosanctispiritus.cu\/es\/wp-json\/wp\/v2\/types\/post"}],"author":[{"embeddable":true,"href":"https:\/\/www.radiosanctispiritus.cu\/es\/wp-json\/wp\/v2\/users\/121"}],"replies":[{"embeddable":true,"href":"https:\/\/www.radiosanctispiritus.cu\/es\/wp-json\/wp\/v2\/comments?post=24957"}],"version-history":[{"count":0,"href":"https:\/\/www.radiosanctispiritus.cu\/es\/wp-json\/wp\/v2\/posts\/24957\/revisions"}],"wp:featuredmedia":[{"embeddable":true,"href":"https:\/\/www.radiosanctispiritus.cu\/es\/wp-json\/wp\/v2\/media\/25013"}],"wp:attachment":[{"href":"https:\/\/www.radiosanctispiritus.cu\/es\/wp-json\/wp\/v2\/media?parent=24957"}],"wp:term":[{"taxonomy":"category","embeddable":true,"href":"https:\/\/www.radiosanctispiritus.cu\/es\/wp-json\/wp\/v2\/categories?post=24957"},{"taxonomy":"post_tag","embeddable":true,"href":"https:\/\/www.radiosanctispiritus.cu\/es\/wp-json\/wp\/v2\/tags?post=24957"},{"taxonomy":"author","embeddable":true,"href":"https:\/\/www.radiosanctispiritus.cu\/es\/wp-json\/wp\/v2\/coauthors?post=24957"}],"curies":[{"name":"wp","href":"https:\/\/api.w.org\/{rel}","templated":true}]}}