{"id":24599,"date":"2024-04-05T18:30:55","date_gmt":"2024-04-05T22:30:55","guid":{"rendered":"https:\/\/www.radiosanctispiritus.cu\/es\/?p=24599"},"modified":"2024-04-05T19:51:49","modified_gmt":"2024-04-05T23:51:49","slug":"insta-titular-de-educacion-superior-a-reforzar-formacion-integral-de-los-estudiantes","status":"publish","type":"post","link":"https:\/\/www.radiosanctispiritus.cu\/es\/insta-titular-de-educacion-superior-a-reforzar-formacion-integral-de-los-estudiantes\/","title":{"rendered":"Insta titular de Educaci\u00f3n Superior a reforzar formaci\u00f3n integral de los estudiantes"},"content":{"rendered":"<p>La formaci\u00f3n integral de los estudiantes constituye uno de los principales desaf\u00edos que tienen hoy las universidades cubanas, afirm\u00f3 en Sancti Sp\u00edritus Walter Baluja Garc\u00eda, Ministro de Educaci\u00f3n Superior, durante una visita de trabajo este viernes a la Universidad Jos\u00e9 Mart\u00ed P\u00e9rez.<\/p>\n<p>Durante un encuentro con el Consejo de Direcci\u00f3n de la Casa de Altos Estudios, liderado por su rector el Doctor en Ciencias Edelvy Bravo Amarante, el titular del ramo inst\u00f3 a implementar acciones dentro de la propia din\u00e1mica de la universidad para lograr la permanencia de los j\u00f3venes en las diferentes carreras.<\/p>\n<audio class=\"wp-audio-shortcode\" id=\"audio-24599-1\" preload=\"none\" style=\"width: 100%;\" controls=\"controls\"><source type=\"audio\/mpeg\" src=\"https:\/\/www.ivoox.com\/ada-al-dia-5-4-24_md_127091444_wp_1.mp3?_=1\" \/><a href=\"https:\/\/www.ivoox.com\/ada-al-dia-5-4-24_md_127091444_wp_1.mp3\" target=\"_blank\" rel=\"noopener\">https:\/\/www.ivoox.com\/ada-al-dia-5-4-24_md_127091444_wp_1.mp3<\/a><\/audio>\n<p>&nbsp;<\/p>\n<p>\u00abUna vez que los muchachos ingresan a la Universidad es responsabilidad nuestra llevarlos hasta el final de la carrera\u00bb, sentenci\u00f3 el ministro, al evaluar las principales causas de la permanencia de los j\u00f3venes en la instituci\u00f3n.<\/p>\n<p>Baluja Garc\u00eda hizo \u00e9nfasis en la necesidad de buscar motivaciones a trav\u00e9s de los diferentes Proyectos, no solo los extensionistas, sino tambi\u00e9n aquellos que fortalecen las alianzas con las entidades estatales del territorio.<\/p>\n<p>\u00abHay que inculcarles a los estudiantes ese sentido de servidor p\u00fablico, de innovador, que comprendan la cadena de valores, que tambi\u00e9n tributa a la formaci\u00f3n integral del universitario\u00bb, apunt\u00f3 el dirigente.<\/p>\n<p>Durante el intercambio, el ministro de Educaci\u00f3n Superior enfatiz\u00f3 tambi\u00e9n en la necesidad del completamiento y superaci\u00f3n del claustro de la Universidad espirituana, en aras de contribuir a la formaci\u00f3n de los j\u00f3venes para que se conviertan en actores estrat\u00e9gicos en el desarrollo de la provincia y el pa\u00eds.<\/p>\n<p>En di\u00e1logo con estudiantes y profesores, el titular del sector indag\u00f3 acerca de las principales preocupaciones que tiene la comunidad universitaria, la formaci\u00f3n vocacional de los j\u00f3venes y su vinculaci\u00f3n con los diferentes proyectos socioculturales que traspasan los muros de la instituci\u00f3n.<\/p>\n<p>Durante el encuentro, se expusieron valiosas experiencias sobre el quehacer de los universitarios espirituanos a favor del desarrollo de la provincia, tales como los proyectos \u201cFuentes renovables de energ\u00eda como apoyo al Desarrollo local\u201d, y el Comunitario \u201cSonrisa\u201d, que con su actuar alegra corazones en barrios y comunidades de este terru\u00f1o.<\/p>\n<p>Acompa\u00f1aron al Ministro de Educaci\u00f3n Superior, en su visita de trabajo a la Universidad de Sancti Sp\u00edritus Jos\u00e9 Mart\u00ed, Elaine Plasencia Afonso, miembro del Bur\u00f3 Provincial del Partido y Yoandra Hern\u00e1ndez Ram\u00edrez, Coordinadora de Programas y Objetivos del Gobierno Provincial.<\/p>\n","protected":false},"excerpt":{"rendered":"<p>La formaci\u00f3n integral de los estudiantes constituye uno de los principales desaf\u00edos que tienen hoy las universidades cubanas, afirm\u00f3 en Sancti Sp\u00edritus Walter Baluja Garc\u00eda, Ministro de Educaci\u00f3n Superior, durante una visita de trabajo este viernes a la Universidad Jos\u00e9 Mart\u00ed P\u00e9rez.<\/p>\n","protected":false},"author":8,"featured_media":24600,"comment_status":"open","ping_status":"open","sticky":false,"template":"","format":"standard","meta":{"_acf_changed":false,"footnotes":""},"categories":[14,9,8,1],"tags":[263,656,217],"coauthors":[],"class_list":["post-24599","post","type-post","status-publish","format-standard","has-post-thumbnail","hentry","category-educacion","category-en-audio","category-noticia","category-sancti-spiritus","tag-educacion-superior","tag-uniss","tag-universidad"],"acf":[],"_links":{"self":[{"href":"https:\/\/www.radiosanctispiritus.cu\/es\/wp-json\/wp\/v2\/posts\/24599","targetHints":{"allow":["GET"]}}],"collection":[{"href":"https:\/\/www.radiosanctispiritus.cu\/es\/wp-json\/wp\/v2\/posts"}],"about":[{"href":"https:\/\/www.radiosanctispiritus.cu\/es\/wp-json\/wp\/v2\/types\/post"}],"author":[{"embeddable":true,"href":"https:\/\/www.radiosanctispiritus.cu\/es\/wp-json\/wp\/v2\/users\/8"}],"replies":[{"embeddable":true,"href":"https:\/\/www.radiosanctispiritus.cu\/es\/wp-json\/wp\/v2\/comments?post=24599"}],"version-history":[{"count":0,"href":"https:\/\/www.radiosanctispiritus.cu\/es\/wp-json\/wp\/v2\/posts\/24599\/revisions"}],"wp:featuredmedia":[{"embeddable":true,"href":"https:\/\/www.radiosanctispiritus.cu\/es\/wp-json\/wp\/v2\/media\/24600"}],"wp:attachment":[{"href":"https:\/\/www.radiosanctispiritus.cu\/es\/wp-json\/wp\/v2\/media?parent=24599"}],"wp:term":[{"taxonomy":"category","embeddable":true,"href":"https:\/\/www.radiosanctispiritus.cu\/es\/wp-json\/wp\/v2\/categories?post=24599"},{"taxonomy":"post_tag","embeddable":true,"href":"https:\/\/www.radiosanctispiritus.cu\/es\/wp-json\/wp\/v2\/tags?post=24599"},{"taxonomy":"author","embeddable":true,"href":"https:\/\/www.radiosanctispiritus.cu\/es\/wp-json\/wp\/v2\/coauthors?post=24599"}],"curies":[{"name":"wp","href":"https:\/\/api.w.org\/{rel}","templated":true}]}}