{"id":24507,"date":"2024-04-26T16:55:04","date_gmt":"2024-04-26T20:55:04","guid":{"rendered":"https:\/\/www.radiosanctispiritus.cu\/es\/?p=24507"},"modified":"2024-04-04T17:08:10","modified_gmt":"2024-04-04T21:08:10","slug":"el-monje","status":"publish","type":"post","link":"https:\/\/www.radiosanctispiritus.cu\/es\/el-monje\/","title":{"rendered":"El Monje"},"content":{"rendered":"<p>Juan Andr\u00e9s Rodr\u00edguez Paz, \u201cEl Monje\u201dfue un importante artista espirituano.<\/p>\n<p>Lo recuerdo con nostalgia; en su sempiterno peregrinar por los portales de la Casa de Cultura, tomando el caf\u00e9 de cada d\u00eda y dej\u00e1ndose querer por todos.<\/p>\n<p>El Monje era \u00fanico: Uno de los m\u00e1s importantes creadores primitivistas del pa\u00eds se prodigaba pintando como un manantial inagotable en el que mariposas y g\u00fcijes conviv\u00edan con babujales y otros esperpentos.<\/p>\n<p>Lo recuerdo sonriente, a su mundo de sue\u00f1os en colores no le alcanzaban todos los lienzos o cartulinas para agotarse. Pintaba y pintaba en una interminable jornada que era competir consigo mismo, superarse y regalar sus obras prodigando la bienaventuranza.<\/p>\n<p>Juan Andr\u00e9s Rodr\u00edguez Paz naci\u00f3 para pintar: Haciendo carb\u00f3n y despu\u00e9s mandadero de casa rica, el trabajo rudo le ofreci\u00f3 vivencias y otra perspectiva de la vida.\u00a0 Por eso me gustaba hablar con \u00e9l, escuchar las historias de aparecidos que hab\u00eda estado amasando en el crepitar de los hornos de carb\u00f3n, para alg\u00fan d\u00eda pintarlas.<\/p>\n<p>Ten\u00eda \u201cEl monje\u201d un paisaje especial en su mente: No necesitaba modelos ni trasladarse con un caballete a ning\u00fan sitio: sus f\u00e1bulas las llevaba bienadentro, las recreaba en el mundo real maravilloso en que conviv\u00eda.<\/p>\n<p>Nunca entendi\u00f3 del comercio en el arte: regalaba sus obras con verdadero entusiasmo porque para \u00e9l pintar no era trabajo y como se divert\u00eda haci\u00e9ndolo era como ofrecer un caramelo o una sonrisa.<\/p>\n<p>Muchos le reprochar\u00edan despu\u00e9s esos gestos \u201cQue si se repet\u00eda\u201d que \u201csi se regalaba demasiado f\u00e1cil\u201d que \u201csi una obra de arte no suele darse como la verdolaga\u201d \u2026. Pero lo cierto es que con \u201cEl Monje\u201d o entrabas en su mundo, en esa ingenuidad creadora o te quedabas fuera para siempre porque pintar era esa fiesta a la que invitaba a todos.<\/p>\n<p>Se march\u00f3 un dia y a\u00fan no hemos valorado en la justa medida su obra\u2026 Se apag\u00f3, como los hornos restallantes del carb\u00f3n y nos dej\u00f3 la lumbre de las madrugadas a orillas del fuego.<\/p>\n<p>Todos tenemos una deuda con Juan Andr\u00e9s Rodr\u00edguez Paz, \u201cEl Monje\u201d espirituano: Su placidez, su manera de regalarnos el mundo, su no exigir nada quiz\u00e1s ha hecho que lo olvidemos: Pero su obra est\u00e1 all\u00ed: dispersa y fabulosa, abriendo las puertas a un mundo m\u00e1gico y desinteresado para estos d\u00edas.<\/p>\n<p>\u201cEl Monje\u201d hablaba bajito y no ped\u00eda nada. Es justo entonces que lo recordemos.<\/p>\n<p>&nbsp;<\/p>\n","protected":false},"excerpt":{"rendered":"<p>Juan Andr\u00e9s Rodr\u00edguez Paz, \u201cEl Monje\u201dfue un importante artista espirituano. Lo recuerdo con nostalgia; en su sempiterno peregrinar por los portales de la Casa de Cultura, tomando el caf\u00e9 de cada d\u00eda y dej\u00e1ndose querer por todos. El Monje era \u00fanico: Uno de los m\u00e1s importantes creadores primitivistas del pa\u00eds se prodigaba pintando como un [&hellip;]<\/p>\n","protected":false},"author":163,"featured_media":24518,"comment_status":"open","ping_status":"open","sticky":false,"template":"","format":"standard","meta":{"_acf_changed":false,"footnotes":""},"categories":[1023,1],"tags":[],"coauthors":[],"class_list":["post-24507","post","type-post","status-publish","format-standard","has-post-thumbnail","hentry","category-el-balcon-del-soto","category-sancti-spiritus"],"acf":[],"_links":{"self":[{"href":"https:\/\/www.radiosanctispiritus.cu\/es\/wp-json\/wp\/v2\/posts\/24507","targetHints":{"allow":["GET"]}}],"collection":[{"href":"https:\/\/www.radiosanctispiritus.cu\/es\/wp-json\/wp\/v2\/posts"}],"about":[{"href":"https:\/\/www.radiosanctispiritus.cu\/es\/wp-json\/wp\/v2\/types\/post"}],"author":[{"embeddable":true,"href":"https:\/\/www.radiosanctispiritus.cu\/es\/wp-json\/wp\/v2\/users\/163"}],"replies":[{"embeddable":true,"href":"https:\/\/www.radiosanctispiritus.cu\/es\/wp-json\/wp\/v2\/comments?post=24507"}],"version-history":[{"count":0,"href":"https:\/\/www.radiosanctispiritus.cu\/es\/wp-json\/wp\/v2\/posts\/24507\/revisions"}],"wp:featuredmedia":[{"embeddable":true,"href":"https:\/\/www.radiosanctispiritus.cu\/es\/wp-json\/wp\/v2\/media\/24518"}],"wp:attachment":[{"href":"https:\/\/www.radiosanctispiritus.cu\/es\/wp-json\/wp\/v2\/media?parent=24507"}],"wp:term":[{"taxonomy":"category","embeddable":true,"href":"https:\/\/www.radiosanctispiritus.cu\/es\/wp-json\/wp\/v2\/categories?post=24507"},{"taxonomy":"post_tag","embeddable":true,"href":"https:\/\/www.radiosanctispiritus.cu\/es\/wp-json\/wp\/v2\/tags?post=24507"},{"taxonomy":"author","embeddable":true,"href":"https:\/\/www.radiosanctispiritus.cu\/es\/wp-json\/wp\/v2\/coauthors?post=24507"}],"curies":[{"name":"wp","href":"https:\/\/api.w.org\/{rel}","templated":true}]}}