{"id":24506,"date":"2024-04-20T16:54:59","date_gmt":"2024-04-20T20:54:59","guid":{"rendered":"https:\/\/www.radiosanctispiritus.cu\/es\/?p=24506"},"modified":"2024-04-10T14:51:23","modified_gmt":"2024-04-10T18:51:23","slug":"rafael-gomez-mayea-teofilito","status":"publish","type":"post","link":"https:\/\/www.radiosanctispiritus.cu\/es\/rafael-gomez-mayea-teofilito\/","title":{"rendered":"Rafael G\u00f3mez Mayea, Teofilito"},"content":{"rendered":"<p>A los espirituanos nos identifica una canci\u00f3n: \u201cPensamiento\u201d de Rafael G\u00f3mez Mayea \u201cTeofilito\u201d.<\/p>\n<p>Hoy los espirituanos conmemoramos el aniversario 135 del natalicio del insigne m\u00fasico.<strong>\u00a0<\/strong><\/p>\n<p>Nacido en el seno de una familia humilde desde muy temprana edad, quien luego ser\u00eda un gran trovador se inclin\u00f3 por la m\u00fasica, para integrar en un futuro agrupaciones de esta ciudad.<\/p>\n<p>La vida de Teofilito no se apart\u00f3 mucho de lo cotidiano en los dem\u00e1s cantores: Serenatas, bares, obras por encargo y un trasnochar constante, tratando de ganar el sustento diario. Canciones para alegrar o entristecer a los dem\u00e1s, cobradas en efectivo, como si la m\u00fasica y las composiciones que lo inmortalizaron tuviesen alg\u00fan precio razonable.<\/p>\n<p>Fue esa una \u00e9poca clave para la promoci\u00f3n y desarrollo de nuestra m\u00fasica.<\/p>\n<p>Se compusieron decenas de grandes canciones, cl\u00e1sicas. Verdaderas obras de arte, inamovibles. Como piedras a orillas del mar, las olas del tiempo ba\u00f1\u00e1ndolas para hacerlas resplandecientes.<\/p>\n<p>Y entre ellas, en un altar propio, <strong>Pensamiento.<\/strong><strong>\u00a0<\/strong><\/p>\n<p>\u00bfC\u00f3mo puede una canci\u00f3n calar tan hondo?<\/p>\n<p>\u00bfC\u00f3mo pueden la m\u00fasica y la poes\u00eda identificar a \u00a0un pueblo?<\/p>\n<p>Estos son los misterios de la creaci\u00f3n art\u00edstica.<\/p>\n<p>Y eso sucedi\u00f3 con <strong>Pensamiento<\/strong> de Teofilito.<\/p>\n<p>Cuando aquella tarde \u2013seg\u00fan dicen- tom\u00f3 la guitarra,\u00a0 y comenz\u00f3 a tararear bajito, mientras inventaba acordes, no imaginaba siquiera que estaba entrando a la historia de la m\u00fasica cubana.<\/p>\n<p>Cuando con la vista baja y lejos del murmullo, buscaba palabras que ir hilvanando con la m\u00fasica, Rafael G\u00f3mez Mayea, \u201cTeofilito\u201d, no pod\u00eda so\u00f1ar conque por lo siglos de los siglos, y hasta en idiomas para \u00e9l desconocidos, millones de enamorados cantar\u00edan <strong>\u201cDile que pienso en ella, aunque no piense en mi\u201d.<\/strong><\/p>\n","protected":false},"excerpt":{"rendered":"<p>A los espirituanos nos identifica una canci\u00f3n: \u201cPensamiento\u201d de Rafael G\u00f3mez Mayea \u201cTeofilito\u201d. Hoy los espirituanos conmemoramos el aniversario 135 del natalicio del insigne m\u00fasico.\u00a0 Nacido en el seno de una familia humilde desde muy temprana edad, quien luego ser\u00eda un gran trovador se inclin\u00f3 por la m\u00fasica, para integrar en un futuro agrupaciones de [&hellip;]<\/p>\n","protected":false},"author":163,"featured_media":24515,"comment_status":"open","ping_status":"open","sticky":false,"template":"","format":"standard","meta":{"_acf_changed":false,"footnotes":""},"categories":[1023],"tags":[],"coauthors":[],"class_list":["post-24506","post","type-post","status-publish","format-standard","has-post-thumbnail","hentry","category-el-balcon-del-soto"],"acf":[],"_links":{"self":[{"href":"https:\/\/www.radiosanctispiritus.cu\/es\/wp-json\/wp\/v2\/posts\/24506","targetHints":{"allow":["GET"]}}],"collection":[{"href":"https:\/\/www.radiosanctispiritus.cu\/es\/wp-json\/wp\/v2\/posts"}],"about":[{"href":"https:\/\/www.radiosanctispiritus.cu\/es\/wp-json\/wp\/v2\/types\/post"}],"author":[{"embeddable":true,"href":"https:\/\/www.radiosanctispiritus.cu\/es\/wp-json\/wp\/v2\/users\/163"}],"replies":[{"embeddable":true,"href":"https:\/\/www.radiosanctispiritus.cu\/es\/wp-json\/wp\/v2\/comments?post=24506"}],"version-history":[{"count":0,"href":"https:\/\/www.radiosanctispiritus.cu\/es\/wp-json\/wp\/v2\/posts\/24506\/revisions"}],"wp:featuredmedia":[{"embeddable":true,"href":"https:\/\/www.radiosanctispiritus.cu\/es\/wp-json\/wp\/v2\/media\/24515"}],"wp:attachment":[{"href":"https:\/\/www.radiosanctispiritus.cu\/es\/wp-json\/wp\/v2\/media?parent=24506"}],"wp:term":[{"taxonomy":"category","embeddable":true,"href":"https:\/\/www.radiosanctispiritus.cu\/es\/wp-json\/wp\/v2\/categories?post=24506"},{"taxonomy":"post_tag","embeddable":true,"href":"https:\/\/www.radiosanctispiritus.cu\/es\/wp-json\/wp\/v2\/tags?post=24506"},{"taxonomy":"author","embeddable":true,"href":"https:\/\/www.radiosanctispiritus.cu\/es\/wp-json\/wp\/v2\/coauthors?post=24506"}],"curies":[{"name":"wp","href":"https:\/\/api.w.org\/{rel}","templated":true}]}}