{"id":24505,"date":"2024-04-12T16:54:58","date_gmt":"2024-04-12T20:54:58","guid":{"rendered":"https:\/\/www.radiosanctispiritus.cu\/es\/?p=24505"},"modified":"2024-04-12T08:07:14","modified_gmt":"2024-04-12T12:07:14","slug":"trio-dgomez","status":"publish","type":"post","link":"https:\/\/www.radiosanctispiritus.cu\/es\/trio-dgomez\/","title":{"rendered":"Tr\u00edo D&#8217;G\u00f3mez"},"content":{"rendered":"<p>Sancti Spiritus es tierra de tr\u00edos.<\/p>\n<p>El encanto de la ciudad, sus calles, sus balcones, el esp\u00edritu festivo y hospitalario de sus habitantes, han sido escenario propicio para que esa expresi\u00f3n musical de voces y guitarras nos caracterice.<\/p>\n<p>Por ello resulta natural que los tr\u00edos del patio adopten diferentes estilos y modos de hacer que marcan el desarrollo de un formato muy gustado en Latinoam\u00e9rica. Dos o Tres guitarras, la utilizaci\u00f3n o no del requinto, la inclusi\u00f3n de percusi\u00f3n menor e incluso de voces femeninas ofrecen al panorama \u201ctriero\u201d espirituano variedad y riqueza sonora.<\/p>\n<p>Tampoco puede imaginarse la existencia de la trova espirituana y de sus tr\u00edos sin las serenatas porque ambos fen\u00f3menos se complementan. Incluso un buen n\u00famero de tr\u00edos se formaron con la premura de un compromiso nocturno bajo el balc\u00f3n de una preciosa dama.<\/p>\n<p>En alg\u00fan rescoldo del alma espirituana quedan las serenatas, y en noches en que la luna resalta el musgo de las tejas suelen a\u00fan escucharse, como en sue\u00f1os, hermos\u00edsimas canciones de amor que bajo una ventana desaf\u00edan la realidad, patentizando que nunca morir\u00e1 el amor y esa costumbre de adornar las madrugadas.<\/p>\n<p>El Tr\u00edo D\u00b4G\u00f3mez es una agrupaci\u00f3n insignia de esta ciudad. Est\u00e1 cumpliendo sus primeros 30 a\u00f1os de creado.<\/p>\n<p>Tr\u00edo tradicional con dos guitarras y percusi\u00f3n menor cuenta con la excelente segunda voz de Carlos G\u00f3mez y con un repertorio que abarca lo m\u00e1s aut\u00e9ntico de la trova espirituana y cubana.<\/p>\n<p>Lalito, su voz prima es para muchos el Monje de la Trova: Estudioso y conversador no hay un hecho cultural de la Villa que escape a su buen humor y su af\u00e1n comunicativo\u2026<\/p>\n<p>D G\u00f3mez tiene un amplio repertorio de trova cubana. Con predominio de la Espirituana, por supuesto, Matamoros, Companioni y otros compositores no tan conocidos.<\/p>\n<p>Trovas, sones y guarachas componen el repertorio de D G\u00f3mez.<\/p>\n<p>En este mes de abril se les dedica la edici\u00f3n del Encuentro de la Trova \u201cMiguel Companioni\u201d. Felicidades a \u201clos D G\u00f3mez\u201d en su\u00a0 30 cumplea\u00f1os.<\/p>\n","protected":false},"excerpt":{"rendered":"<p>En este mes de abril se les dedica el Encuentro de la Trova \u201cMiguel Companioni\u201d al Tr\u00edo D G\u00f3mez<\/p>\n","protected":false},"author":163,"featured_media":24511,"comment_status":"open","ping_status":"open","sticky":false,"template":"","format":"standard","meta":{"_acf_changed":false,"footnotes":""},"categories":[1023],"tags":[],"coauthors":[],"class_list":["post-24505","post","type-post","status-publish","format-standard","has-post-thumbnail","hentry","category-el-balcon-del-soto"],"acf":[],"_links":{"self":[{"href":"https:\/\/www.radiosanctispiritus.cu\/es\/wp-json\/wp\/v2\/posts\/24505","targetHints":{"allow":["GET"]}}],"collection":[{"href":"https:\/\/www.radiosanctispiritus.cu\/es\/wp-json\/wp\/v2\/posts"}],"about":[{"href":"https:\/\/www.radiosanctispiritus.cu\/es\/wp-json\/wp\/v2\/types\/post"}],"author":[{"embeddable":true,"href":"https:\/\/www.radiosanctispiritus.cu\/es\/wp-json\/wp\/v2\/users\/163"}],"replies":[{"embeddable":true,"href":"https:\/\/www.radiosanctispiritus.cu\/es\/wp-json\/wp\/v2\/comments?post=24505"}],"version-history":[{"count":0,"href":"https:\/\/www.radiosanctispiritus.cu\/es\/wp-json\/wp\/v2\/posts\/24505\/revisions"}],"wp:featuredmedia":[{"embeddable":true,"href":"https:\/\/www.radiosanctispiritus.cu\/es\/wp-json\/wp\/v2\/media\/24511"}],"wp:attachment":[{"href":"https:\/\/www.radiosanctispiritus.cu\/es\/wp-json\/wp\/v2\/media?parent=24505"}],"wp:term":[{"taxonomy":"category","embeddable":true,"href":"https:\/\/www.radiosanctispiritus.cu\/es\/wp-json\/wp\/v2\/categories?post=24505"},{"taxonomy":"post_tag","embeddable":true,"href":"https:\/\/www.radiosanctispiritus.cu\/es\/wp-json\/wp\/v2\/tags?post=24505"},{"taxonomy":"author","embeddable":true,"href":"https:\/\/www.radiosanctispiritus.cu\/es\/wp-json\/wp\/v2\/coauthors?post=24505"}],"curies":[{"name":"wp","href":"https:\/\/api.w.org\/{rel}","templated":true}]}}