{"id":24392,"date":"2024-04-03T09:09:09","date_gmt":"2024-04-03T13:09:09","guid":{"rendered":"https:\/\/www.radiosanctispiritus.cu\/es\/?p=24392"},"modified":"2024-04-03T19:32:57","modified_gmt":"2024-04-03T23:32:57","slug":"conmemoran-aniversario-63-del-ejercito-central","status":"publish","type":"post","link":"https:\/\/www.radiosanctispiritus.cu\/es\/conmemoran-aniversario-63-del-ejercito-central\/","title":{"rendered":"Conmemoran aniversario 63 del Ej\u00e9rcito Central"},"content":{"rendered":"<p>Una actividad pol\u00edtica cultural para conmemorar el aniversario 63 del ej\u00e9rcito central tendr\u00e1 lugar en Sancti Sp\u00edritus.<\/p>\n<audio class=\"wp-audio-shortcode\" id=\"audio-24392-1\" preload=\"none\" style=\"width: 100%;\" controls=\"controls\"><source type=\"audio\/mpeg\" src=\"https:\/\/www.ivoox.com\/luis-antonio-salabarria-upm-3-4-24_md_126972330_wp_1.mp3?_=1\" \/><a href=\"https:\/\/www.ivoox.com\/luis-antonio-salabarria-upm-3-4-24_md_126972330_wp_1.mp3\" target=\"_blank\" rel=\"noopener\">https:\/\/www.ivoox.com\/luis-antonio-salabarria-upm-3-4-24_md_126972330_wp_1.mp3<\/a><\/audio>\n<p>&nbsp;<\/p>\n<p>&nbsp;<\/p>\n","protected":false},"excerpt":{"rendered":"<p>Una actividad pol\u00edtica cultural para conmemorar el aniversario 63 del ej\u00e9rcito central tendr\u00e1 lugar en Sancti Sp\u00edritus. &nbsp; &nbsp;<\/p>\n","protected":false},"author":18,"featured_media":24393,"comment_status":"open","ping_status":"open","sticky":false,"template":"","format":"standard","meta":{"_acf_changed":false,"footnotes":""},"categories":[1],"tags":[1138],"coauthors":[],"class_list":["post-24392","post","type-post","status-publish","format-standard","has-post-thumbnail","hentry","category-sancti-spiritus","tag-ejercito-central"],"acf":[],"_links":{"self":[{"href":"https:\/\/www.radiosanctispiritus.cu\/es\/wp-json\/wp\/v2\/posts\/24392","targetHints":{"allow":["GET"]}}],"collection":[{"href":"https:\/\/www.radiosanctispiritus.cu\/es\/wp-json\/wp\/v2\/posts"}],"about":[{"href":"https:\/\/www.radiosanctispiritus.cu\/es\/wp-json\/wp\/v2\/types\/post"}],"author":[{"embeddable":true,"href":"https:\/\/www.radiosanctispiritus.cu\/es\/wp-json\/wp\/v2\/users\/18"}],"replies":[{"embeddable":true,"href":"https:\/\/www.radiosanctispiritus.cu\/es\/wp-json\/wp\/v2\/comments?post=24392"}],"version-history":[{"count":0,"href":"https:\/\/www.radiosanctispiritus.cu\/es\/wp-json\/wp\/v2\/posts\/24392\/revisions"}],"wp:featuredmedia":[{"embeddable":true,"href":"https:\/\/www.radiosanctispiritus.cu\/es\/wp-json\/wp\/v2\/media\/24393"}],"wp:attachment":[{"href":"https:\/\/www.radiosanctispiritus.cu\/es\/wp-json\/wp\/v2\/media?parent=24392"}],"wp:term":[{"taxonomy":"category","embeddable":true,"href":"https:\/\/www.radiosanctispiritus.cu\/es\/wp-json\/wp\/v2\/categories?post=24392"},{"taxonomy":"post_tag","embeddable":true,"href":"https:\/\/www.radiosanctispiritus.cu\/es\/wp-json\/wp\/v2\/tags?post=24392"},{"taxonomy":"author","embeddable":true,"href":"https:\/\/www.radiosanctispiritus.cu\/es\/wp-json\/wp\/v2\/coauthors?post=24392"}],"curies":[{"name":"wp","href":"https:\/\/api.w.org\/{rel}","templated":true}]}}