{"id":24342,"date":"2024-04-02T16:06:12","date_gmt":"2024-04-02T20:06:12","guid":{"rendered":"https:\/\/www.radiosanctispiritus.cu\/es\/?p=24342"},"modified":"2024-04-02T22:04:05","modified_gmt":"2024-04-03T02:04:05","slug":"la-juventud-cubana-ya-esta-en-congreso","status":"publish","type":"post","link":"https:\/\/www.radiosanctispiritus.cu\/es\/la-juventud-cubana-ya-esta-en-congreso\/","title":{"rendered":"La juventud cubana ya est\u00e1 en Congreso"},"content":{"rendered":"<p>En la jornada vespertina los delegados\u00a0analizan el cumplimiento de la Pol\u00edtica Integral de Ni\u00f1ez, Adolescencia y Juventudes. En la ma\u00f1ana rindieron tributo a Julio Antonio Mella, en el monumento que al pie de la Escalinata de la Universidad de La Habana guarda sus cenizas y depositaron una ofrenda floral.<\/p>\n<p>Los 400 delegados y el centenar de invitados que participar\u00e1n en el 12mo. Congreso de la Uni\u00f3n de J\u00f3venes Comunistas (UJC), que abre oficialmente ma\u00f1ana mi\u00e9rcoles sus sesiones de trabajo, luego de intensos meses de debate y pensamiento en las diferentes estructuras de la organizaci\u00f3n juvenil, ya est\u00e1n en la capital cubana.<\/p>\n<p>El primer gran abrazo de todos los asistentes al Congreso, fue en la terminal de trenes de La Habana en la ma\u00f1ana de este martes, luego de que la mayor\u00eda de los delegados llegara en el tren que los traslad\u00f3 desde Holgu\u00edn.<\/p>\n<p>Los j\u00f3venes rindieron tributo a Julio Antonio Mella, en el monumento que al pie de la Escalinata de la Universidad de La Habana guarda sus cenizas y depositaron una ofrenda floral.<\/p>\n<p>Luego partieron hacia las villas del Congreso para el alojamiento y la acreditaci\u00f3n.<\/p>\n<p>En la tarde, en el Palacio de Convenciones, los delegados tienen un encuentro con representantes de varios ministerios involucrados en el cumplimiento de la Pol\u00edtica Integral de Ni\u00f1ez, Adolescencia y Juventudes, aprobada el pasado a\u00f1o por la Asamblea Nacional del Poder Popular.<\/p>\n","protected":false},"excerpt":{"rendered":"<p>El XII Congreso de la Uni\u00f3n de J\u00f3venes Comunistas (UJC) abre oficialmente ma\u00f1ana mi\u00e9rcoles sus sesiones de trabajo, luego de intensos meses de debate y pensamiento en las diferentes estructuras de la organizaci\u00f3n juvenil.<\/p>\n","protected":false},"author":171,"featured_media":24343,"comment_status":"open","ping_status":"open","sticky":false,"template":"","format":"standard","meta":{"_acf_changed":false,"footnotes":""},"categories":[1],"tags":[],"coauthors":[],"class_list":["post-24342","post","type-post","status-publish","format-standard","has-post-thumbnail","hentry","category-sancti-spiritus"],"acf":[],"_links":{"self":[{"href":"https:\/\/www.radiosanctispiritus.cu\/es\/wp-json\/wp\/v2\/posts\/24342","targetHints":{"allow":["GET"]}}],"collection":[{"href":"https:\/\/www.radiosanctispiritus.cu\/es\/wp-json\/wp\/v2\/posts"}],"about":[{"href":"https:\/\/www.radiosanctispiritus.cu\/es\/wp-json\/wp\/v2\/types\/post"}],"author":[{"embeddable":true,"href":"https:\/\/www.radiosanctispiritus.cu\/es\/wp-json\/wp\/v2\/users\/171"}],"replies":[{"embeddable":true,"href":"https:\/\/www.radiosanctispiritus.cu\/es\/wp-json\/wp\/v2\/comments?post=24342"}],"version-history":[{"count":0,"href":"https:\/\/www.radiosanctispiritus.cu\/es\/wp-json\/wp\/v2\/posts\/24342\/revisions"}],"wp:featuredmedia":[{"embeddable":true,"href":"https:\/\/www.radiosanctispiritus.cu\/es\/wp-json\/wp\/v2\/media\/24343"}],"wp:attachment":[{"href":"https:\/\/www.radiosanctispiritus.cu\/es\/wp-json\/wp\/v2\/media?parent=24342"}],"wp:term":[{"taxonomy":"category","embeddable":true,"href":"https:\/\/www.radiosanctispiritus.cu\/es\/wp-json\/wp\/v2\/categories?post=24342"},{"taxonomy":"post_tag","embeddable":true,"href":"https:\/\/www.radiosanctispiritus.cu\/es\/wp-json\/wp\/v2\/tags?post=24342"},{"taxonomy":"author","embeddable":true,"href":"https:\/\/www.radiosanctispiritus.cu\/es\/wp-json\/wp\/v2\/coauthors?post=24342"}],"curies":[{"name":"wp","href":"https:\/\/api.w.org\/{rel}","templated":true}]}}