{"id":24055,"date":"2024-03-27T07:50:45","date_gmt":"2024-03-27T11:50:45","guid":{"rendered":"https:\/\/www.radiosanctispiritus.cu\/es\/?p=24055"},"modified":"2024-03-27T07:50:45","modified_gmt":"2024-03-27T11:50:45","slug":"27-de-marzo-dia-mundial-del-teatro","status":"publish","type":"post","link":"https:\/\/www.radiosanctispiritus.cu\/es\/27-de-marzo-dia-mundial-del-teatro\/","title":{"rendered":"27 de marzo: D\u00eda Mundial del Teatro"},"content":{"rendered":"<p>El teatro es, junto a la danza, la manifestaci\u00f3n cultural m\u00e1s antigua que existe, y nuestro pa\u00eds no es una excepci\u00f3n.<\/p>\n<p>En largas noches junto al fuego los abor\u00edgenes evocaron deidades que propiciaban la caza y la lluvia, con movimientos y m\u00e1scaras, como en una representaci\u00f3n teatral.<\/p>\n<p>Cuando lo espa\u00f1oles, en su conquista llegan a Cuba trajeron consigo su teatro y encuentran los <strong>Are\u00edtos<\/strong>, una compleja manifestaci\u00f3n de nuestra cultura aborigen en la que se mezclaban el canto, la poes\u00eda, la coreograf\u00eda, la m\u00fasica, el maquillaje y la pantomima.<\/p>\n<p>En los <strong>Are\u00edtos<\/strong>, en s\u00edntesis art\u00edstica, se expresaba la liturgia religiosa, los ritos m\u00e1gicos de la vegetaci\u00f3n, la epopeya e historia tribales y de identidad colectiva.<strong>\u00a0<\/strong><\/p>\n<p>De la misma forma que aceptamos que los <strong>Are\u00edtos <\/strong>fueron una representaci\u00f3n de la cultura aborigen con indudables ra\u00edces teatrales, las ceremonias afrocubanastienen igual significaci\u00f3n para el nacimiento de nuestro teatro.<\/p>\n<p>A partir de las danzas del Corpus Christi ya puede hablarse del embri\u00f3n de un teatro nacional, y seg\u00fan referencias la primera se realiz\u00f3 en Santiago de Cuba en 1520.<\/p>\n<p>Gracias a los cabildos de naci\u00f3n o asociaciones negras los Orishas conquistaban las calles el D\u00eda de Reyes. En medio de cantos, bailes y complejas ceremonias los \u201cDiablitos\u201d cubanos deben ser considerados entre los primeros personajes de nuestra identidad teatral.<\/p>\n<p>El \u201cDiablito\u201d y su picaresca, al paso de los siglos se convirti\u00f3 en \u201cNegrito\u201d, para dejar una marca indeleble en la escena cubana. Se conoce que el primer \u201cNegrito\u201d subi\u00f3 a las tablas el 14 de diciembre de 1812 y que el actor que lo encarn\u00f3 fue Francisco Covarrubias, considerado, justamente, el padre del teatro cubano.<\/p>\n<p>Por desgracia ninguna obra escrita por Covarrubias lleg\u00f3 a nosotros, pero por la prensa de aquella \u00e9poca se conoce que en su teatro se bailaba y cantaba \u201ca lo cubano\u201d y que convirti\u00f3 al \u201cNegrito\u201d y los campesinos en personajes protag\u00f3nicos de nuestra escena.<\/p>\n<p>M\u00e1s adelante corresponder\u00eda a Jos\u00e9 Mar\u00eda Heredia dotar a nuestro teatro de nuevas fuerzas y significaci\u00f3n.<\/p>\n<p>Heredia fue el primero de nuestros autores que utiliz\u00f3 el teatro como un arma contra la opresi\u00f3n colonial, adem\u00e1s fue el primer dramaturgo americano que proyecta una tragedia teniendo por tema la \u00e9pica ind\u00edgena contra la conquista espa\u00f1ola.<\/p>\n<p>Esas son las verdaderas ra\u00edces de nuestro teatro: populares, independentistas y ligadas por un fuerte cord\u00f3n umbilical a nuestra historia patria y al enfrentamiento contra la injerencia extranjera.<\/p>\n<p>El teatro es una comuni\u00f3n de arte, arquitectura, literatura, m\u00fasica, danza y tecnolog\u00eda.<\/p>\n<p>Entretenimiento, ritual religioso, ense\u00f1anza moral, persuasi\u00f3n pol\u00edtica y formador de opini\u00f3n: Todo eso es el teatro.<\/p>\n","protected":false},"excerpt":{"rendered":"<p>El teatro es, junto a la danza, la manifestaci\u00f3n cultural m\u00e1s antigua que existe, y nuestro pa\u00eds no es una excepci\u00f3n. En largas noches junto al fuego los abor\u00edgenes evocaron deidades que propiciaban la caza y la lluvia, con movimientos y m\u00e1scaras, como en una representaci\u00f3n teatral. Cuando lo espa\u00f1oles, en su conquista llegan a [&hellip;]<\/p>\n","protected":false},"author":163,"featured_media":24056,"comment_status":"open","ping_status":"open","sticky":false,"template":"","format":"standard","meta":{"_acf_changed":false,"footnotes":""},"categories":[1023,12],"tags":[],"coauthors":[],"class_list":["post-24055","post","type-post","status-publish","format-standard","has-post-thumbnail","hentry","category-el-balcon-del-soto","category-sugerencia"],"acf":[],"_links":{"self":[{"href":"https:\/\/www.radiosanctispiritus.cu\/es\/wp-json\/wp\/v2\/posts\/24055","targetHints":{"allow":["GET"]}}],"collection":[{"href":"https:\/\/www.radiosanctispiritus.cu\/es\/wp-json\/wp\/v2\/posts"}],"about":[{"href":"https:\/\/www.radiosanctispiritus.cu\/es\/wp-json\/wp\/v2\/types\/post"}],"author":[{"embeddable":true,"href":"https:\/\/www.radiosanctispiritus.cu\/es\/wp-json\/wp\/v2\/users\/163"}],"replies":[{"embeddable":true,"href":"https:\/\/www.radiosanctispiritus.cu\/es\/wp-json\/wp\/v2\/comments?post=24055"}],"version-history":[{"count":0,"href":"https:\/\/www.radiosanctispiritus.cu\/es\/wp-json\/wp\/v2\/posts\/24055\/revisions"}],"wp:featuredmedia":[{"embeddable":true,"href":"https:\/\/www.radiosanctispiritus.cu\/es\/wp-json\/wp\/v2\/media\/24056"}],"wp:attachment":[{"href":"https:\/\/www.radiosanctispiritus.cu\/es\/wp-json\/wp\/v2\/media?parent=24055"}],"wp:term":[{"taxonomy":"category","embeddable":true,"href":"https:\/\/www.radiosanctispiritus.cu\/es\/wp-json\/wp\/v2\/categories?post=24055"},{"taxonomy":"post_tag","embeddable":true,"href":"https:\/\/www.radiosanctispiritus.cu\/es\/wp-json\/wp\/v2\/tags?post=24055"},{"taxonomy":"author","embeddable":true,"href":"https:\/\/www.radiosanctispiritus.cu\/es\/wp-json\/wp\/v2\/coauthors?post=24055"}],"curies":[{"name":"wp","href":"https:\/\/api.w.org\/{rel}","templated":true}]}}