{"id":24027,"date":"2024-03-26T22:05:16","date_gmt":"2024-03-27T02:05:16","guid":{"rendered":"https:\/\/www.radiosanctispiritus.cu\/es\/?p=24027"},"modified":"2024-03-26T22:23:46","modified_gmt":"2024-03-27T02:23:46","slug":"participan-raul-y-diaz-canel-en-gala-por-aniversario-de-organos-de-seguridad-del-estado","status":"publish","type":"post","link":"https:\/\/www.radiosanctispiritus.cu\/es\/participan-raul-y-diaz-canel-en-gala-por-aniversario-de-organos-de-seguridad-del-estado\/","title":{"rendered":"Participan Ra\u00fal y D\u00edaz-Canel en gala por aniversario de \u00d3rganos de Seguridad del Estado (+ post)"},"content":{"rendered":"<p>El l\u00edder de la Revoluci\u00f3n cubana, Ra\u00fal Castro, y el presidente de la Rep\u00fablica, Miguel D\u00edaz-Canel, encabezaron este martes el acto conmemorativo, celebrado en La Habana por el aniversario 65 de los \u00d3rganos de la Seguridad del Estado (OSE).<\/p>\n<p>Durante la gala, el ministro del Interior, general de divisi\u00f3n L\u00e1zaro \u00c1lvarez, ley\u00f3 una carta escrita por Ra\u00fal Castro, en la que felicita a los integrantes de los OSE, fundados por el l\u00edder hist\u00f3rico de la Revoluci\u00f3n, Fidel Castro.<\/p>\n<p>\u00abA 65 a\u00f1os de la fundaci\u00f3n de los \u00d3rganos de la Seguridad del Estado los felicito, convencido de que seguir\u00e1n siendo fieles defensores y continuadores de las conquistas de generaciones de combatientes que a lo largo de estas d\u00e9cadas han sabido derrotar agresiones, planes e imposibles en defensa de la patria\u00bb, expresaba en la misiva Ra\u00fal Castro.<\/p>\n<blockquote class=\"twitter-tweet\">\n<p dir=\"ltr\" lang=\"es\">El General de Ej\u00e9rcito Ra\u00fal Castro Ruz, y el Primer Secretario del Comit\u00e9 Central del Partido y Presidente de la Rep\u00fablica de <a href=\"https:\/\/twitter.com\/hashtag\/Cuba?src=hash&amp;ref_src=twsrc%5Etfw\" target=\"_blank\" rel=\"noopener noreferrer nofollow\">#Cuba<\/a>\ud83c\udde8\ud83c\uddfa, <a href=\"https:\/\/twitter.com\/DiazCanelB?ref_src=twsrc%5Etfw\" target=\"_blank\" rel=\"noopener noreferrer nofollow\">@DiazCanelB<\/a>, presidieron el acto por el aniversario 65 de la constituci\u00f3n de los \u00d3rganos de la <a href=\"https:\/\/twitter.com\/hashtag\/SeguridadDelEstado?src=hash&amp;ref_src=twsrc%5Etfw\" target=\"_blank\" rel=\"noopener noreferrer nofollow\">#SeguridadDelEstado<\/a>.\ud83d\udc47<a href=\"https:\/\/t.co\/Tvv9rkcJ5h\" target=\"_blank\" rel=\"noopener noreferrer nofollow\">https:\/\/t.co\/Tvv9rkcJ5h<\/a><\/p>\n<p>\u2014 Canal Caribe (@CanalCaribeCuba) <a href=\"https:\/\/twitter.com\/CanalCaribeCuba\/status\/1772791938875363738?ref_src=twsrc%5Etfw\" target=\"_blank\" rel=\"noopener noreferrer nofollow\">March 27, 2024<\/a><\/p><\/blockquote>\n<p><script async src=\"https:\/\/platform.twitter.com\/widgets.js\" charset=\"utf-8\"><\/script><\/p>\n<p>Por su parte, el presidente Miguel D\u00edaz-Canel evoc\u00f3 a los fundadores de los OSE, a la vez que rememor\u00f3 a los hombres y mujeres que encubiertos o no consagraron su vida a la defensa del pueblo.<\/p>\n<p>Seg\u00fan un reporte de la televisi\u00f3n nacional, el mandatario envi\u00f3 un especial saludo a las nuevas generaciones de combatientes del \u00f3rgano y subray\u00f3 que la historia de la Seguridad del Estado es de lo m\u00e1s fascinante, inspirador y patri\u00f3tico que puede encontrarse en la historia de Cuba.<\/p>\n<p>\u00abLa solidez de nuestra revoluci\u00f3n debe mucho a los \u00d3rganos de la Seguridad del Estado que la defienden y protegen junto a un pueblo heroico del que son parte inseparable como lo han demostrado en los incontables combates librados con \u00e9xito frente a un enemigo poderoso y despiadado\u00bb, destac\u00f3 el jefe de Estado.<\/p>\n<p>Durante la gala, instituciones y organizaciones pol\u00edticas y de masas entregaron a la direcci\u00f3n general de contrainteligencia del Ministerio del Interior diplomas de reconocimientos por los 65 a\u00f1os de los OSE.<\/p>\n<p>Los OSE fueron creados el 26 de marzo de 1959, a menos de 12 semanas del triunfo revolucionario, por indicaciones del Comandante en Jefe Fidel Castro, al fusionarse el Departamento de Investigaci\u00f3n del Ej\u00e9rcito Rebelde y la inteligencia de la Marina junto con el \u00f3rgano similar de la Polic\u00eda Nacional Revolucionaria, que hasta entonces enfrentaban las acciones contrarrevolucionarias en sus respectivos \u00e1mbitos.<\/p>\n<p>Desde los primeros momentos de su fundaci\u00f3n, respondi\u00f3 a una necesidad hist\u00f3rica de fortalecer el combate frente a los planes de sabotaje, incursiones de aviones piratas, primeras conspiraciones de traidores y campa\u00f1as de mentiras que comenzaron a desarrollarse a desde el territorio estadounidense.<\/p>\n<p>En los escenarios actuales, los OSE renuevan sus m\u00e9todos de enfrentamiento a las acciones enemigas con el uso de las tecnolog\u00edas de la informaci\u00f3n y las comunicaciones, en medio de la constante hostilidad econ\u00f3mica y pol\u00edtica desde Washington, adem\u00e1s de la guerra cultural y de cuarta generaci\u00f3n.<\/p>\n<p>&nbsp;<\/p>\n","protected":false},"excerpt":{"rendered":"<p>El l\u00edder de la Revoluci\u00f3n cubana, Ra\u00fal Castro, y el presidente de la Rep\u00fablica, Miguel D\u00edaz-Canel, encabezaron este martes el acto conmemorativo, celebrado en La Habana por el aniversario 65 de los \u00d3rganos de la Seguridad del Estado.<\/p>\n","protected":false},"author":22,"featured_media":24000,"comment_status":"open","ping_status":"open","sticky":false,"template":"","format":"standard","meta":{"_acf_changed":false,"footnotes":""},"categories":[3,8],"tags":[28,591,87,1136],"coauthors":[],"class_list":["post-24027","post","type-post","status-publish","format-standard","has-post-thumbnail","hentry","category-cuba","category-noticia","tag-miguel-diaz-canel","tag-ministerio-del-interior","tag-raul-castro","tag-seguridad-del-estado"],"acf":[],"_links":{"self":[{"href":"https:\/\/www.radiosanctispiritus.cu\/es\/wp-json\/wp\/v2\/posts\/24027","targetHints":{"allow":["GET"]}}],"collection":[{"href":"https:\/\/www.radiosanctispiritus.cu\/es\/wp-json\/wp\/v2\/posts"}],"about":[{"href":"https:\/\/www.radiosanctispiritus.cu\/es\/wp-json\/wp\/v2\/types\/post"}],"author":[{"embeddable":true,"href":"https:\/\/www.radiosanctispiritus.cu\/es\/wp-json\/wp\/v2\/users\/22"}],"replies":[{"embeddable":true,"href":"https:\/\/www.radiosanctispiritus.cu\/es\/wp-json\/wp\/v2\/comments?post=24027"}],"version-history":[{"count":0,"href":"https:\/\/www.radiosanctispiritus.cu\/es\/wp-json\/wp\/v2\/posts\/24027\/revisions"}],"wp:featuredmedia":[{"embeddable":true,"href":"https:\/\/www.radiosanctispiritus.cu\/es\/wp-json\/wp\/v2\/media\/24000"}],"wp:attachment":[{"href":"https:\/\/www.radiosanctispiritus.cu\/es\/wp-json\/wp\/v2\/media?parent=24027"}],"wp:term":[{"taxonomy":"category","embeddable":true,"href":"https:\/\/www.radiosanctispiritus.cu\/es\/wp-json\/wp\/v2\/categories?post=24027"},{"taxonomy":"post_tag","embeddable":true,"href":"https:\/\/www.radiosanctispiritus.cu\/es\/wp-json\/wp\/v2\/tags?post=24027"},{"taxonomy":"author","embeddable":true,"href":"https:\/\/www.radiosanctispiritus.cu\/es\/wp-json\/wp\/v2\/coauthors?post=24027"}],"curies":[{"name":"wp","href":"https:\/\/api.w.org\/{rel}","templated":true}]}}