{"id":23960,"date":"2024-03-25T22:09:56","date_gmt":"2024-03-26T02:09:56","guid":{"rendered":"https:\/\/www.radiosanctispiritus.cu\/es\/?p=23960"},"modified":"2024-03-25T22:09:56","modified_gmt":"2024-03-26T02:09:56","slug":"llama-primer-ministro-cubano-a-intensificar-enfrentamiento-al-delito","status":"publish","type":"post","link":"https:\/\/www.radiosanctispiritus.cu\/es\/llama-primer-ministro-cubano-a-intensificar-enfrentamiento-al-delito\/","title":{"rendered":"Llama primer ministro cubano a intensificar enfrentamiento al delito"},"content":{"rendered":"<p>El primer ministro de Cuba, Manuel Marrero, hizo hincapi\u00e9 este lunes en la necesidad de intensificar el enfrentamiento al delito, tema que calific\u00f3 de transversal por su impacto en diversas \u00e1reas del pa\u00eds.<\/p>\n<p>Durante la reuni\u00f3n del grupo nacional que atiende este asunto, el jefe de Gobierno recalc\u00f3 la importancia de informar a los ciudadanos de manera oportuna y veraz sobre las acciones de enfrentamiento, que tienen como escenario principal el municipio y la localidad.<\/p>\n<p>En la reuni\u00f3n fue analizado el comportamiento de hechos extraordinarios vinculados a la operaci\u00f3n puerto-transporte-econom\u00eda interna, los cuales disminuyeron el pasado a\u00f1o, sin embargo, creci\u00f3 la afectaci\u00f3n econ\u00f3mica de los mismos, seg\u00fan rese\u00f1a un art\u00edculo del sitio web Cubadebate.<\/p>\n<p>Sobre este tema, Marrero indic\u00f3 que debe reforzarse la exigencia y tomar medidas adicionales.<\/p>\n<p>El primer ministro tambi\u00e9n se refiri\u00f3 al combate contra la droga y los nuevos m\u00e9todos utilizados a nivel internacional para el transporte de sustancias, lo que complejiza su detecci\u00f3n.<\/p>\n<p>Ante ese escenario, detall\u00f3 que el pa\u00eds caribe\u00f1o ha tomado medidas concretas con la Aduana General de la Rep\u00fablica y se incrementa el enfrentamiento a personas que comercializan cualquier tipo de estupefacientes.<\/p>\n<p>\u00abEs un tema que se combate con toda la energ\u00eda, con todo el rigor penal, seg\u00fan lo establecido en el pa\u00eds, pero en el que necesitamos tambi\u00e9n el acompa\u00f1amiento de la poblaci\u00f3n y de todo el mundo\u00bb, se\u00f1al\u00f3.<\/p>\n<p>En la reuni\u00f3n, trascendi\u00f3 que el Ministerio del Interior trabaja de conjunto con la Aduana y entidades del Banco Central para prevenir y enfrentar manifestaciones delictivas asociadas al canje de divisas en el mercado informal, tr\u00e1fico ilegal, estafas y defraudaciones financieras.<\/p>\n","protected":false},"excerpt":{"rendered":"<p>El primer ministro de Cuba, Manuel Marrero, hizo hincapi\u00e9 este lunes en la necesidad de intensificar el enfrentamiento al delito, tema que calific\u00f3 de transversal por su impacto en diversas \u00e1reas del pa\u00eds.<\/p>\n","protected":false},"author":22,"featured_media":21337,"comment_status":"open","ping_status":"open","sticky":false,"template":"","format":"standard","meta":{"_acf_changed":false,"footnotes":""},"categories":[3,8],"tags":[864,863,56,55],"coauthors":[],"class_list":["post-23960","post","type-post","status-publish","format-standard","has-post-thumbnail","hentry","category-cuba","category-noticia","tag-corrupcion","tag-delito","tag-manuel-marrero","tag-primer-ministro-de-cuba"],"acf":[],"_links":{"self":[{"href":"https:\/\/www.radiosanctispiritus.cu\/es\/wp-json\/wp\/v2\/posts\/23960","targetHints":{"allow":["GET"]}}],"collection":[{"href":"https:\/\/www.radiosanctispiritus.cu\/es\/wp-json\/wp\/v2\/posts"}],"about":[{"href":"https:\/\/www.radiosanctispiritus.cu\/es\/wp-json\/wp\/v2\/types\/post"}],"author":[{"embeddable":true,"href":"https:\/\/www.radiosanctispiritus.cu\/es\/wp-json\/wp\/v2\/users\/22"}],"replies":[{"embeddable":true,"href":"https:\/\/www.radiosanctispiritus.cu\/es\/wp-json\/wp\/v2\/comments?post=23960"}],"version-history":[{"count":0,"href":"https:\/\/www.radiosanctispiritus.cu\/es\/wp-json\/wp\/v2\/posts\/23960\/revisions"}],"wp:featuredmedia":[{"embeddable":true,"href":"https:\/\/www.radiosanctispiritus.cu\/es\/wp-json\/wp\/v2\/media\/21337"}],"wp:attachment":[{"href":"https:\/\/www.radiosanctispiritus.cu\/es\/wp-json\/wp\/v2\/media?parent=23960"}],"wp:term":[{"taxonomy":"category","embeddable":true,"href":"https:\/\/www.radiosanctispiritus.cu\/es\/wp-json\/wp\/v2\/categories?post=23960"},{"taxonomy":"post_tag","embeddable":true,"href":"https:\/\/www.radiosanctispiritus.cu\/es\/wp-json\/wp\/v2\/tags?post=23960"},{"taxonomy":"author","embeddable":true,"href":"https:\/\/www.radiosanctispiritus.cu\/es\/wp-json\/wp\/v2\/coauthors?post=23960"}],"curies":[{"name":"wp","href":"https:\/\/api.w.org\/{rel}","templated":true}]}}