{"id":23763,"date":"2024-03-21T09:20:27","date_gmt":"2024-03-21T13:20:27","guid":{"rendered":"https:\/\/www.radiosanctispiritus.cu\/es\/?p=23763"},"modified":"2024-03-21T09:20:27","modified_gmt":"2024-03-21T13:20:27","slug":"21-de-marzo-dia-mundial-de-la-poesia","status":"publish","type":"post","link":"https:\/\/www.radiosanctispiritus.cu\/es\/21-de-marzo-dia-mundial-de-la-poesia\/","title":{"rendered":"21 de marzo.  D\u00eda Mundial de la Poes\u00eda"},"content":{"rendered":"<p>Qu\u00e9 es Poes\u00eda?&#8230;.Dices mientras clavas en mi pupila tu pupila azul\u2026<\/p>\n<p>As\u00ed defini\u00f3 la poes\u00eda Gustavo Adolfo B\u00e9cquer, sempiterno rom\u00e1ntico. As\u00ed la vio, como una mujer de hermosas pupilas&#8230;<\/p>\n<p>Pero el Diccionario de la Real Academia de la Lengua la califica como: \u201cManifestaci\u00f3n de la belleza o del sentimiento est\u00e9tico por medio de la palabra, en verso o en prosa\u201d (\u2026) \u201cCualidad que suscita un sentimiento hondo de belleza, manifiesta o no por medio del lenguaje.\u201d<\/p>\n<p>La\u00a0poes\u00eda\u00a0puede\u00a0considerarse como una de las artes m\u00e1s antiguas y difundidas. Originalmente vinculada a la m\u00fasica en la canci\u00f3n, tom\u00f3 vida propia y el ritmo propiamente musical fue sustituido por el ritmo ling\u00fc\u00edstico.<\/p>\n<p>La poes\u00eda traslada al lenguaje del arte una experiencia humana, emocional y sensualmente significativa. De ah\u00ed que la poes\u00eda no solo sea un g\u00e9nero literario sino un estado de \u00e1nimo o un \u201cestado de gracia\u201d art\u00edstica que solo es capaz de transmitir el verdadero arte.<\/p>\n<p>Es poes\u00eda la mirada de Chaplin y sus gestos, los movimientos de Alicia Alonso, las manos de Chano Pozo sobre los tambores, la fiesta de luces de Portocarrero, el ritmo de Guill\u00e9n, la prosa barroca de Carpentier y la c\u00e1mara inquieta de Santiago \u00c1lvarez en busca de una toma inolvidable.<\/p>\n<p>La poes\u00eda -y lo reafirmo- no es exclusivamente un fen\u00f3meno libresco.<\/p>\n<p>Acciones po\u00e9ticas o <em>performances,<\/em> recitales p\u00fablicos, combinaci\u00f3n de poes\u00eda e imagen en muchas experiencias de v\u00eddeo, hablan a las claras de su vitalidad y tal vez de un impulso ligado tambi\u00e9n a sus or\u00edgenes: el de convertir la palabra en un rito compartido por todas las artes y todos los humanos.<\/p>\n<p>Y concluyo con B\u00e9cquer, aquel rom\u00e1ntico que como muchos no quiso vivir en un mundo sin belleza, y que con estos versos pretendi\u00f3 se\u00f1alarnos la inmensidad, trascendencia y eternidad de eso que llamamos poes\u00eda.<\/p>\n<p>Mientras se sienta que se r\u00ede el alma\/ Sin que los labios r\u00edan. \/ Mientras se llore sin que el llanto acuda\/ a nublar la pupila. \/ Mientras el coraz\u00f3n y la cabeza batallando prosigan. \/ Mientras halla esperanzas y recuerdos. \/ HABR\u00c1 POESIA.<\/p>\n","protected":false},"excerpt":{"rendered":"<p>Qu\u00e9 es Poes\u00eda?&#8230;.Dices mientras clavas en mi pupila tu pupila azul\u2026 As\u00ed defini\u00f3 la poes\u00eda Gustavo Adolfo B\u00e9cquer, sempiterno rom\u00e1ntico. As\u00ed la vio, como una mujer de hermosas pupilas&#8230; Pero el Diccionario de la Real Academia de la Lengua la califica como: \u201cManifestaci\u00f3n de la belleza o del sentimiento est\u00e9tico por medio de la palabra, [&hellip;]<\/p>\n","protected":false},"author":163,"featured_media":23764,"comment_status":"open","ping_status":"open","sticky":false,"template":"","format":"standard","meta":{"_acf_changed":false,"footnotes":""},"categories":[1023],"tags":[],"coauthors":[],"class_list":["post-23763","post","type-post","status-publish","format-standard","has-post-thumbnail","hentry","category-el-balcon-del-soto"],"acf":[],"_links":{"self":[{"href":"https:\/\/www.radiosanctispiritus.cu\/es\/wp-json\/wp\/v2\/posts\/23763","targetHints":{"allow":["GET"]}}],"collection":[{"href":"https:\/\/www.radiosanctispiritus.cu\/es\/wp-json\/wp\/v2\/posts"}],"about":[{"href":"https:\/\/www.radiosanctispiritus.cu\/es\/wp-json\/wp\/v2\/types\/post"}],"author":[{"embeddable":true,"href":"https:\/\/www.radiosanctispiritus.cu\/es\/wp-json\/wp\/v2\/users\/163"}],"replies":[{"embeddable":true,"href":"https:\/\/www.radiosanctispiritus.cu\/es\/wp-json\/wp\/v2\/comments?post=23763"}],"version-history":[{"count":0,"href":"https:\/\/www.radiosanctispiritus.cu\/es\/wp-json\/wp\/v2\/posts\/23763\/revisions"}],"wp:featuredmedia":[{"embeddable":true,"href":"https:\/\/www.radiosanctispiritus.cu\/es\/wp-json\/wp\/v2\/media\/23764"}],"wp:attachment":[{"href":"https:\/\/www.radiosanctispiritus.cu\/es\/wp-json\/wp\/v2\/media?parent=23763"}],"wp:term":[{"taxonomy":"category","embeddable":true,"href":"https:\/\/www.radiosanctispiritus.cu\/es\/wp-json\/wp\/v2\/categories?post=23763"},{"taxonomy":"post_tag","embeddable":true,"href":"https:\/\/www.radiosanctispiritus.cu\/es\/wp-json\/wp\/v2\/tags?post=23763"},{"taxonomy":"author","embeddable":true,"href":"https:\/\/www.radiosanctispiritus.cu\/es\/wp-json\/wp\/v2\/coauthors?post=23763"}],"curies":[{"name":"wp","href":"https:\/\/api.w.org\/{rel}","templated":true}]}}