{"id":23674,"date":"2024-03-19T07:57:06","date_gmt":"2024-03-19T11:57:06","guid":{"rendered":"https:\/\/www.radiosanctispiritus.cu\/es\/?p=23674"},"modified":"2024-03-19T07:57:06","modified_gmt":"2024-03-19T11:57:06","slug":"19-de-marzo-dia-del-trovador-cubano","status":"publish","type":"post","link":"https:\/\/www.radiosanctispiritus.cu\/es\/19-de-marzo-dia-del-trovador-cubano\/","title":{"rendered":"19 de marzo,  D\u00eda del trovador cubano"},"content":{"rendered":"<p>No hay duda de que a los espirituanos nos define la m\u00fasica. Son pocos en el mundo los capaces, como nosotros, de atesorar g\u00e9neros tan diversos como la trova, la m\u00fasica campesina y la clave.<\/p>\n<p>Ese don nos identifica como un pueblo genuinamente musical.<\/p>\n<p>Hoy es un d\u00eda especial para recordar a Teofilito, Companioni, Varona, Manolo Gallo, Rafael Rodr\u00edguez, Mantecao. Una pl\u00e9yade de trovadores que marcaron una \u00e9poca de grandeza para la m\u00fasica espirituana, sin estridencias, salud\u00e1ndose cada noche en los vericuetos de esta ciudad, sin imaginar que lo que hac\u00edan por placer y alg\u00fan dinero estaba destinado a trascenderlos.<\/p>\n<p>Serenatas, bares, obras por encargo y un trasnochar constante, tratando de ganar el sustento diario. Canciones para alegrar o entristecer a los dem\u00e1s, cobradas en efectivo, como si la m\u00fasica y las composiciones que los inmortalizaron tuviesen alg\u00fan precio razonable.<\/p>\n<p>Fue esa una \u00e9poca clave para la promoci\u00f3n y desarrollo de nuestra m\u00fasica. Se compusieron decenas de grandes canciones, cl\u00e1sicas. Verdaderas obras de arte, inamovibles. Como piedras a orillas del mar, las olas del tiempo ba\u00f1\u00e1ndolas para hacerlas resplandecientes.<\/p>\n<p>Grandes compositores de la trova cubana que coincidieron, para fortuna nuestra, aqu\u00ed en Sancti Spiritus.<\/p>\n<p>&nbsp;<\/p>\n<p>&nbsp;<\/p>\n","protected":false},"excerpt":{"rendered":"<p>No hay duda de que a los espirituanos nos define la m\u00fasica. Son pocos en el mundo los capaces, como nosotros, de atesorar g\u00e9neros tan diversos como la trova, la m\u00fasica campesina y la clave. Ese don nos identifica como un pueblo genuinamente musical. Hoy es un d\u00eda especial para recordar a Teofilito, Companioni, Varona, [&hellip;]<\/p>\n","protected":false},"author":163,"featured_media":23675,"comment_status":"open","ping_status":"open","sticky":false,"template":"","format":"standard","meta":{"_acf_changed":false,"footnotes":""},"categories":[6,1023],"tags":[],"coauthors":[],"class_list":["post-23674","post","type-post","status-publish","format-standard","has-post-thumbnail","hentry","category-cultura","category-el-balcon-del-soto"],"acf":[],"_links":{"self":[{"href":"https:\/\/www.radiosanctispiritus.cu\/es\/wp-json\/wp\/v2\/posts\/23674","targetHints":{"allow":["GET"]}}],"collection":[{"href":"https:\/\/www.radiosanctispiritus.cu\/es\/wp-json\/wp\/v2\/posts"}],"about":[{"href":"https:\/\/www.radiosanctispiritus.cu\/es\/wp-json\/wp\/v2\/types\/post"}],"author":[{"embeddable":true,"href":"https:\/\/www.radiosanctispiritus.cu\/es\/wp-json\/wp\/v2\/users\/163"}],"replies":[{"embeddable":true,"href":"https:\/\/www.radiosanctispiritus.cu\/es\/wp-json\/wp\/v2\/comments?post=23674"}],"version-history":[{"count":0,"href":"https:\/\/www.radiosanctispiritus.cu\/es\/wp-json\/wp\/v2\/posts\/23674\/revisions"}],"wp:featuredmedia":[{"embeddable":true,"href":"https:\/\/www.radiosanctispiritus.cu\/es\/wp-json\/wp\/v2\/media\/23675"}],"wp:attachment":[{"href":"https:\/\/www.radiosanctispiritus.cu\/es\/wp-json\/wp\/v2\/media?parent=23674"}],"wp:term":[{"taxonomy":"category","embeddable":true,"href":"https:\/\/www.radiosanctispiritus.cu\/es\/wp-json\/wp\/v2\/categories?post=23674"},{"taxonomy":"post_tag","embeddable":true,"href":"https:\/\/www.radiosanctispiritus.cu\/es\/wp-json\/wp\/v2\/tags?post=23674"},{"taxonomy":"author","embeddable":true,"href":"https:\/\/www.radiosanctispiritus.cu\/es\/wp-json\/wp\/v2\/coauthors?post=23674"}],"curies":[{"name":"wp","href":"https:\/\/api.w.org\/{rel}","templated":true}]}}