{"id":236,"date":"2022-07-23T11:02:50","date_gmt":"2022-07-23T15:02:50","guid":{"rendered":"https:\/\/www.radiosanctispiritus.icrt.cu\/es\/?p=236"},"modified":"2022-07-23T11:02:50","modified_gmt":"2022-07-23T15:02:50","slug":"orquesta-failde-historia-patrimonio-espirituano","status":"publish","type":"post","link":"https:\/\/www.radiosanctispiritus.cu\/es\/orquesta-failde-historia-patrimonio-espirituano\/","title":{"rendered":"Orquesta Fa\u00edlde deja un fragmento de su historia en patrimonio espirituano"},"content":{"rendered":"<p>Junto con la autenticidad, cuban\u00eda y derroche de talento, la Orquesta Fa\u00edlde dej\u00f3 como huella durante su concierto en Sancti Sp\u00edritus una guayabera, usada por su joven director Ethiel en uno de los momentos m\u00e1s especiales de la carrera de la agrupaci\u00f3n.<\/p>\n<p>\u201cFuimos seleccionados para tocar en la cena de Estado, durante la visita a Cuba del entonces presidente de los Estados Unidos Barack Obama, en marzo de 2016 \u2013confes\u00f3 el m\u00fasico matancero apodado como el Pr\u00edncipe del danz\u00f3n\u2013. Solo la us\u00e9 esa vez y la guard\u00e9 como un lindo recuerdo.<\/p>\n<p>\u201cAl ver el amor de Carlo Figueroa por el cuidado y conservaci\u00f3n de las prendas que integran la colecci\u00f3n pens\u00e9 que ser\u00eda un buen regalo entregarla aqu\u00ed porque forma parte de nuestra historia. Para nosotros lo m\u00e1s importante result\u00f3 que el pa\u00eds pensara en la Fa\u00edlde, muchachos muy j\u00f3venes, para representar a la cultura cubana en un momento trascendental para esta naci\u00f3n\u201d.<\/p>\n<p>El donativo de la prenda de mangas largas y de color negro fue uno de los momentos m\u00e1s especiales del concierto de dos horas de duraci\u00f3n y que regal\u00f3 al p\u00fablico temas que evidencian la riqueza interpretativa del proyecto matancero.<\/p>\n<p>\u201cTengo un recuerdo hermoso del pueblo de Sancti Sp\u00edritus. Esta es la cuarta vez de nuestra presencia en esta hermosa Casa de la Guayabera. Ten\u00edamos miedo porque la lluvia nos jug\u00f3 una mala pasada, pero se llen\u00f3 y sobre todo con personas j\u00f3venes. Entre todos disfrutamos mucho la noche\u201d.<\/p>\n<p>Y c\u00f3mo negarse a bailar y corear, si el espacio, en una de las m\u00e1rgenes del r\u00edo Yayabo se sonoriz\u00f3 con mambo, danz\u00f3n, bolero, rumba\u2026 Result\u00f3 un recorrido guiado con total seguridad por el pentagrama musical de la naci\u00f3n.<\/p>\n<p>El manisero, D\u00f3nde estabas t\u00fa, Almendra\u2026 evidenciaron que la Fa\u00edlde, a pesar de su juventud, se tiene un lugar especial entre los mejor de la m\u00fasica cubana.<\/p>\n<p>La noche adem\u00e1s de convertirse en pretexto para agasajar los 10 a\u00f1os de la Casa que resguarda la mayor de guayaberas del mundo y de la propia orquesta matancera, rindi\u00f3 homenaje al centenario de la Radio cubana y a artistas como C\u00e9sar Portillo de la Luz, Celina Gonz\u00e1lez y Ernesto Duarte.<\/p>\n<p>Adem\u00e1s, interpretaron temas que forman parte de su pr\u00f3xima producci\u00f3n discogr\u00e1fica \u2013la quinta\u2013 titulada Orquesta Fa\u00edlde, 10 a\u00f1os caminando. Entre sus grandes atractivos es que contar\u00e1 con invitados de lujo como Omara Portuondo, Silvio Rodr\u00edguez, Gaby Moreno, Pancho Amat y Alexander Abreu.<\/p>\n<p>\u201cTrae 11 temas y aqu\u00ed hicimos algunos como Sigue ese camino, Rumba de esquina a esquina y el Danz\u00f3n varadero, entre otros\u201d.<\/p>\n","protected":false},"excerpt":{"rendered":"<p>La Orquesta Fa\u00edlde dej\u00f3 como huella durante su concierto en Sancti Sp\u00edritus una guayabera, usada por su joven director Ethiel en uno de los momentos m\u00e1s especiales de la carrera de la agrupaci\u00f3n.<\/p>\n","protected":false},"author":12,"featured_media":234,"comment_status":"open","ping_status":"open","sticky":false,"template":"","format":"standard","meta":{"_acf_changed":false,"footnotes":""},"categories":[6,8,1],"tags":[],"coauthors":[],"class_list":["post-236","post","type-post","status-publish","format-standard","has-post-thumbnail","hentry","category-cultura","category-noticia","category-sancti-spiritus"],"acf":[],"_links":{"self":[{"href":"https:\/\/www.radiosanctispiritus.cu\/es\/wp-json\/wp\/v2\/posts\/236","targetHints":{"allow":["GET"]}}],"collection":[{"href":"https:\/\/www.radiosanctispiritus.cu\/es\/wp-json\/wp\/v2\/posts"}],"about":[{"href":"https:\/\/www.radiosanctispiritus.cu\/es\/wp-json\/wp\/v2\/types\/post"}],"author":[{"embeddable":true,"href":"https:\/\/www.radiosanctispiritus.cu\/es\/wp-json\/wp\/v2\/users\/12"}],"replies":[{"embeddable":true,"href":"https:\/\/www.radiosanctispiritus.cu\/es\/wp-json\/wp\/v2\/comments?post=236"}],"version-history":[{"count":0,"href":"https:\/\/www.radiosanctispiritus.cu\/es\/wp-json\/wp\/v2\/posts\/236\/revisions"}],"wp:featuredmedia":[{"embeddable":true,"href":"https:\/\/www.radiosanctispiritus.cu\/es\/wp-json\/wp\/v2\/media\/234"}],"wp:attachment":[{"href":"https:\/\/www.radiosanctispiritus.cu\/es\/wp-json\/wp\/v2\/media?parent=236"}],"wp:term":[{"taxonomy":"category","embeddable":true,"href":"https:\/\/www.radiosanctispiritus.cu\/es\/wp-json\/wp\/v2\/categories?post=236"},{"taxonomy":"post_tag","embeddable":true,"href":"https:\/\/www.radiosanctispiritus.cu\/es\/wp-json\/wp\/v2\/tags?post=236"},{"taxonomy":"author","embeddable":true,"href":"https:\/\/www.radiosanctispiritus.cu\/es\/wp-json\/wp\/v2\/coauthors?post=236"}],"curies":[{"name":"wp","href":"https:\/\/api.w.org\/{rel}","templated":true}]}}