{"id":23581,"date":"2024-03-16T11:35:13","date_gmt":"2024-03-16T15:35:13","guid":{"rendered":"https:\/\/www.radiosanctispiritus.cu\/es\/?p=23581"},"modified":"2024-03-16T11:35:13","modified_gmt":"2024-03-16T15:35:13","slug":"septeto-espirituano-participa-en-festival-de-la-trova-pepe-sanchez","status":"publish","type":"post","link":"https:\/\/www.radiosanctispiritus.cu\/es\/septeto-espirituano-participa-en-festival-de-la-trova-pepe-sanchez\/","title":{"rendered":"Septeto Espirituano participa en Festival de la Trova \u201cPepe S\u00e1nchez\u201d"},"content":{"rendered":"<p><img decoding=\"async\" class=\"aligncenter size-full wp-image-23582\" src=\"https:\/\/www.radiosanctispiritus.cu\/es\/wp-content\/uploads\/festival-de-la-trova-pepe-sanchez.jpg\" alt=\"\" width=\"577\" height=\"400\" \/>Desde el hoy y hasta el 19 de marzo el Septeto Espirituano participa en la 61 edici\u00f3n del festival de la Trova \u201cPepe S\u00e1nchez\u201d en Santiago de Cuba.<\/p>\n<p>Dedicado este a\u00f1o a la obra del Premio Nacional de la M\u00fasica, tresero y compositor Pancho Amat, la cita tambi\u00e9n reverencia los 60 a\u00f1os de ser declarado el 19 de marzo D\u00eda del Trovador, el 130 aniversario de Miguel Matamoros y el 25 del d\u00fao Voces Latinas y el tr\u00edo Palabras.<\/p>\n<p>Momento especial ser\u00e1 el Concierto del pianista Jos\u00e9 Mar\u00eda Vitier el domingo 17 en la Sala Dolores, donde recibir\u00e1 el Premio Siboney a la excelencia musical.<\/p>\n<p>El Septeto Espirituano es uno de los m\u00e1s a\u00f1ejos de Cuba. Se fund\u00f3 el 10 de junio de 1926.<\/p>\n<p>Es fundador de la Casa de la Trova \u201cMiguel Companioni\u201d.<\/p>\n<p>En el \u00e1mbito internacional particip\u00f3 en el primer encuentro del son y la m\u00fasica flamenca en Espa\u00f1a, en el festival internacional del Caribe en las islas Martinica y Guadalupe. Durante un a\u00f1o trabaj\u00f3 en la Bodeguita del Medio de Guadalajara M\u00e9xico<strong>.<\/strong><\/p>\n<p>Hoy est\u00e1 integrado por la cuarta generaci\u00f3n de m\u00fasicos, que mantienen como sello permanente los mismos ritmos de sus inicios, sin olvidar piezas antol\u00f3gicas de la m\u00fasica tradicional cubana, formando as\u00ed un repertorio amplio.<\/p>\n<p><img decoding=\"async\" class=\"aligncenter size-full wp-image-23584\" src=\"https:\/\/www.radiosanctispiritus.cu\/es\/wp-content\/uploads\/septeto.jpg\" alt=\"\" width=\"533\" height=\"400\" \/>A punto de arribar a su Centenario, al Septeto Espirituano lo distingue su sostenida calidad y fortaleza.<\/p>\n<p>En Santiago de Cuba representar\u00e1 muy dignamente a la m\u00fasica espirituana y podr\u00e1 alternar con las principales figuras de la M\u00fasica Cubana.<\/p>\n<p>El programa del Festival prev\u00e9 varias presentaciones del Septeto Espirituano.<\/p>\n<p>&nbsp;<\/p>\n","protected":false},"excerpt":{"rendered":"<p>Desde el hoy y hasta el 19 de marzo el Septeto Espirituano participa en la 61 edici\u00f3n del festival de la Trova \u201cPepe S\u00e1nchez\u201d en Santiago de Cuba.<\/p>\n","protected":false},"author":163,"featured_media":23583,"comment_status":"open","ping_status":"open","sticky":false,"template":"","format":"standard","meta":{"_acf_changed":false,"footnotes":""},"categories":[1023],"tags":[],"coauthors":[],"class_list":["post-23581","post","type-post","status-publish","format-standard","has-post-thumbnail","hentry","category-el-balcon-del-soto"],"acf":[],"_links":{"self":[{"href":"https:\/\/www.radiosanctispiritus.cu\/es\/wp-json\/wp\/v2\/posts\/23581","targetHints":{"allow":["GET"]}}],"collection":[{"href":"https:\/\/www.radiosanctispiritus.cu\/es\/wp-json\/wp\/v2\/posts"}],"about":[{"href":"https:\/\/www.radiosanctispiritus.cu\/es\/wp-json\/wp\/v2\/types\/post"}],"author":[{"embeddable":true,"href":"https:\/\/www.radiosanctispiritus.cu\/es\/wp-json\/wp\/v2\/users\/163"}],"replies":[{"embeddable":true,"href":"https:\/\/www.radiosanctispiritus.cu\/es\/wp-json\/wp\/v2\/comments?post=23581"}],"version-history":[{"count":0,"href":"https:\/\/www.radiosanctispiritus.cu\/es\/wp-json\/wp\/v2\/posts\/23581\/revisions"}],"wp:featuredmedia":[{"embeddable":true,"href":"https:\/\/www.radiosanctispiritus.cu\/es\/wp-json\/wp\/v2\/media\/23583"}],"wp:attachment":[{"href":"https:\/\/www.radiosanctispiritus.cu\/es\/wp-json\/wp\/v2\/media?parent=23581"}],"wp:term":[{"taxonomy":"category","embeddable":true,"href":"https:\/\/www.radiosanctispiritus.cu\/es\/wp-json\/wp\/v2\/categories?post=23581"},{"taxonomy":"post_tag","embeddable":true,"href":"https:\/\/www.radiosanctispiritus.cu\/es\/wp-json\/wp\/v2\/tags?post=23581"},{"taxonomy":"author","embeddable":true,"href":"https:\/\/www.radiosanctispiritus.cu\/es\/wp-json\/wp\/v2\/coauthors?post=23581"}],"curies":[{"name":"wp","href":"https:\/\/api.w.org\/{rel}","templated":true}]}}