{"id":22923,"date":"2024-03-31T05:30:18","date_gmt":"2024-03-31T09:30:18","guid":{"rendered":"https:\/\/www.radiosanctispiritus.cu\/es\/?p=22923"},"modified":"2024-03-31T06:07:36","modified_gmt":"2024-03-31T10:07:36","slug":"el-31-de-marzo-celebramos-el-dia-del-libro-cubano","status":"publish","type":"post","link":"https:\/\/www.radiosanctispiritus.cu\/es\/el-31-de-marzo-celebramos-el-dia-del-libro-cubano\/","title":{"rendered":"31 de Marzo :  D\u00eda del Libro cubano"},"content":{"rendered":"<p>Los libros, como objetos port\u00e1tiles y relativamente duraderos, han ayudado a preservar y difundir el conocimiento y los sentimientos de la humanidad a trav\u00e9s de vastas extensiones de espacio y tiempo, hasta el punto de que se puede decir con toda raz\u00f3n que la civilizaci\u00f3n actual no habr\u00eda sido posible sin la existencia de la Literatura.<\/p>\n<p>Los\u00a0libros iniciales\u00a0consist\u00edan en planchas de barro que conten\u00edan caracteres o dibujos incididos con un punz\u00f3n. Las primeras civilizaciones que los utilizaron fueron los antiqu\u00edsimos pueblos de Mesopotamia, entre ellos los sumerios y los babilonios.<\/p>\n<p>Mucho m\u00e1s pr\u00f3ximos a los libros actuales eran los rollos de los egipcios, griegos y romanos, formados por largas tiras de papiro<strong>.<\/strong><strong>\u00a0<\/strong><\/p>\n<p>En la actualidad el libro se ha convertido en objeto de una industria comercial que cada a\u00f1o rinde suculentos frutos a los consorcios editoriales. La globalizaci\u00f3n del libro, apoyada en todo un andamiaje publicitario que lo convierte en mercanc\u00eda, cada d\u00eda es mayor.<\/p>\n<p>El libro en el mundo para muchos se ha convertido en un objeto de lujo, inalcanzable para algunos sectores de la sociedad, a esto se a\u00f1ade la banalizaci\u00f3n en los medios de difusi\u00f3n que alejan al hombre del acto racional de pensar por si mismo.<\/p>\n<p>El 31 de marzo, D\u00eda el Libro Cubano, nos remite a la inauguraci\u00f3n de la Imprenta Nacional, fundada entre las primeras instituciones culturales que instaur\u00f3 la Revoluci\u00f3n triunfante, y que bajo la direcci\u00f3n del destacado intelectual Alejo Carpentier sent\u00f3 las bases de un promisorio futuro editorial.<\/p>\n<p>El primer libro publicado por la Imprenta nacional de Cuba fue Don Quijote de la Mancha, obra propuesta por Ernesto Ch\u00e9 Guevara, y con esta edici\u00f3n se dejaba sentado el profundo car\u00e1cter cultural que alcanzar\u00eda en un futuro la industria editorial en la isla.<\/p>\n<p>Hoy Cuba publica cada a\u00f1o libros que abordan dis\u00edmiles temas. La instauraci\u00f3n de editoriales en cada provincia y ahora la modalidad de libros digitales, asegura que de cualquier conf\u00edn del territorio nacional puedan surgir escritores con obras novedosas y de calidad.<\/p>\n<p>Por otra parte, el pa\u00eds realiza ingentes esfuerzos, sobre todo entre las m\u00e1s j\u00f3venes generaciones, para promover los h\u00e1bitos de lectura y hacer del libro una necesidad cultural.<\/p>\n<p>Un libro siempre es un amigo entra\u00f1able y cercano, nos acompa\u00f1a y aporta juicios para vivir mas plena y \u00fatilmente.<\/p>\n<p><strong>Leer es crecer<\/strong> nos dijo un d\u00eda nuestro Jos\u00e9 Mart\u00ed y un pueblo que ense\u00f1e a sus hijos a amar los libros no dejar\u00e1 de crecer nunca.<\/p>\n","protected":false},"excerpt":{"rendered":"<p>Los libros, como objetos port\u00e1tiles y relativamente duraderos, han ayudado a preservar y difundir el conocimiento y los sentimientos de la humanidad a trav\u00e9s de vastas extensiones de espacio y tiempo, hasta el punto de que se puede decir con toda raz\u00f3n que la civilizaci\u00f3n actual no habr\u00eda sido posible sin la existencia de la [&hellip;]<\/p>\n","protected":false},"author":163,"featured_media":22925,"comment_status":"open","ping_status":"open","sticky":false,"template":"","format":"standard","meta":{"_acf_changed":false,"footnotes":""},"categories":[1023,12],"tags":[],"coauthors":[],"class_list":["post-22923","post","type-post","status-publish","format-standard","has-post-thumbnail","hentry","category-el-balcon-del-soto","category-sugerencia"],"acf":[],"_links":{"self":[{"href":"https:\/\/www.radiosanctispiritus.cu\/es\/wp-json\/wp\/v2\/posts\/22923","targetHints":{"allow":["GET"]}}],"collection":[{"href":"https:\/\/www.radiosanctispiritus.cu\/es\/wp-json\/wp\/v2\/posts"}],"about":[{"href":"https:\/\/www.radiosanctispiritus.cu\/es\/wp-json\/wp\/v2\/types\/post"}],"author":[{"embeddable":true,"href":"https:\/\/www.radiosanctispiritus.cu\/es\/wp-json\/wp\/v2\/users\/163"}],"replies":[{"embeddable":true,"href":"https:\/\/www.radiosanctispiritus.cu\/es\/wp-json\/wp\/v2\/comments?post=22923"}],"version-history":[{"count":0,"href":"https:\/\/www.radiosanctispiritus.cu\/es\/wp-json\/wp\/v2\/posts\/22923\/revisions"}],"wp:featuredmedia":[{"embeddable":true,"href":"https:\/\/www.radiosanctispiritus.cu\/es\/wp-json\/wp\/v2\/media\/22925"}],"wp:attachment":[{"href":"https:\/\/www.radiosanctispiritus.cu\/es\/wp-json\/wp\/v2\/media?parent=22923"}],"wp:term":[{"taxonomy":"category","embeddable":true,"href":"https:\/\/www.radiosanctispiritus.cu\/es\/wp-json\/wp\/v2\/categories?post=22923"},{"taxonomy":"post_tag","embeddable":true,"href":"https:\/\/www.radiosanctispiritus.cu\/es\/wp-json\/wp\/v2\/tags?post=22923"},{"taxonomy":"author","embeddable":true,"href":"https:\/\/www.radiosanctispiritus.cu\/es\/wp-json\/wp\/v2\/coauthors?post=22923"}],"curies":[{"name":"wp","href":"https:\/\/api.w.org\/{rel}","templated":true}]}}