{"id":22918,"date":"2024-03-13T05:47:44","date_gmt":"2024-03-13T09:47:44","guid":{"rendered":"https:\/\/www.radiosanctispiritus.cu\/es\/?p=22918"},"modified":"2024-03-13T05:47:44","modified_gmt":"2024-03-13T09:47:44","slug":"juanelo-un-promotor-incansable-de-la-cultura-espirituana","status":"publish","type":"post","link":"https:\/\/www.radiosanctispiritus.cu\/es\/juanelo-un-promotor-incansable-de-la-cultura-espirituana\/","title":{"rendered":"Juanelo, un promotor incansable de la cultura espirituana"},"content":{"rendered":"<p>Conoc\u00ed a Juanelo hace 40 a\u00f1os. Yo ten\u00eda 20 y \u00e9l la misma edad que tiene ahora.<\/p>\n<p>En aquel entonces era un mal narrador, regular poeta, y que se supiera no era ensayista.<\/p>\n<p>Su fama le ven\u00eda por d\u00edscolo y bohemio, una especie de artista popular para el que fajarse a trompadas era m\u00e1s f\u00e1cil que escribir un cuento.<\/p>\n<p>A m\u00ed, reci\u00e9n llegado de una escuela de arte, acostumbrado a ser noct\u00e1mbulo me parec\u00eda incre\u00edble que Juanelo, aquel trabajador civil de las FAR, superara con creces mi resistencia al sue\u00f1o.<\/p>\n<p>Esta es una confesi\u00f3n sincera de las circunstancias en que conoc\u00ed a Juan Eduardo Bernal Echemend\u00eda \u201cJuanelo\u201d.<\/p>\n<p>Despu\u00e9s \u201cde tantos palos que le dio la vida\u201d Juanelo es hoy uno de nuestros m\u00e1s prestigiosos intelectuales.<\/p>\n<p>Con infinidad de publicaciones es una especie de Enciclopedia de la Cultura Espirituana, adem\u00e1s de su promotor incansable.<\/p>\n<p>Su obra ensay\u00edstica, variada y profusa ya le procur\u00f3 un lugar en la Literatura Cubana y auguro que es a partir de ahora que dar\u00e1 sus frutos m\u00e1s definitivos y rotundos.<\/p>\n<p>Su vocaci\u00f3n Martiana y ecum\u00e9nica, esa apertura a todo lo que sea cultura y conocimiento lo convierten en un hecho sin precedentes en la Literatura espirituana.<\/p>\n<p>Juanelo no tiene tendencias ni temas predilectos. Ha ido afilando sus instrumentos, un lenguaje barroco que se erige en estilo, y con esas armas seguir\u00e1 haciendo aportes a nuestra ensay\u00edstica. Nadie ha vivido como \u00e9l la cultura: Abierto, democr\u00e1tico, trasnochador y buen amigo. Por lo mismo nadie la puede desentra\u00f1ar como \u00e9l.<\/p>\n<p>Nadie como Juan Eduardo Bernal Echemend\u00eda \u201cJuanelo\u201d ha roto esas aparentes barreras entre lo culto y lo popular, movi\u00e9ndose de los personajes de la ciudad a la precisi\u00f3n hist\u00f3rica m\u00e1s certera, a trav\u00e9s de la radio, la prensa escrita, la mesa del conferencista y los libros que publica.<\/p>\n<p>En estos momentos Juanelo es un activo miembro de la UNEAC y preside desde hace varios a\u00f1os la Sociedad Cultural \u201cJos\u00e9 Mart\u00ed\u201d en la provincia.<\/p>\n<p>Por all\u00ed anda Juan Eduardo Bernal Echemend\u00eda \u201cJuanelo\u201d se le puede ver todos los d\u00edas, desandando su querida ciudad y rompiendo lanzas contra todo aquello que vaya en detrimento\u00a0 de la cultura y de nuestro patrimonio.<\/p>\n<p>Que le dediquen la edici\u00f3n de la Feria del Libro Espirituana es hacer justicia.<\/p>\n<p>Enhorabuena, Juanelo.<\/p>\n<p>&nbsp;<\/p>\n<p>&nbsp;<\/p>\n","protected":false},"excerpt":{"rendered":"<p>Conoc\u00ed a Juanelo hace 40 a\u00f1os. Yo ten\u00eda 20 y \u00e9l la misma edad que tiene ahora. En aquel entonces era un mal narrador, regular poeta, y que se supiera no era ensayista. Su fama le ven\u00eda por d\u00edscolo y bohemio, una especie de artista popular para el que fajarse a trompadas era m\u00e1s f\u00e1cil [&hellip;]<\/p>\n","protected":false},"author":163,"featured_media":22919,"comment_status":"open","ping_status":"open","sticky":false,"template":"","format":"standard","meta":{"_acf_changed":false,"footnotes":""},"categories":[1023,12],"tags":[],"coauthors":[],"class_list":["post-22918","post","type-post","status-publish","format-standard","has-post-thumbnail","hentry","category-el-balcon-del-soto","category-sugerencia"],"acf":[],"_links":{"self":[{"href":"https:\/\/www.radiosanctispiritus.cu\/es\/wp-json\/wp\/v2\/posts\/22918","targetHints":{"allow":["GET"]}}],"collection":[{"href":"https:\/\/www.radiosanctispiritus.cu\/es\/wp-json\/wp\/v2\/posts"}],"about":[{"href":"https:\/\/www.radiosanctispiritus.cu\/es\/wp-json\/wp\/v2\/types\/post"}],"author":[{"embeddable":true,"href":"https:\/\/www.radiosanctispiritus.cu\/es\/wp-json\/wp\/v2\/users\/163"}],"replies":[{"embeddable":true,"href":"https:\/\/www.radiosanctispiritus.cu\/es\/wp-json\/wp\/v2\/comments?post=22918"}],"version-history":[{"count":0,"href":"https:\/\/www.radiosanctispiritus.cu\/es\/wp-json\/wp\/v2\/posts\/22918\/revisions"}],"wp:featuredmedia":[{"embeddable":true,"href":"https:\/\/www.radiosanctispiritus.cu\/es\/wp-json\/wp\/v2\/media\/22919"}],"wp:attachment":[{"href":"https:\/\/www.radiosanctispiritus.cu\/es\/wp-json\/wp\/v2\/media?parent=22918"}],"wp:term":[{"taxonomy":"category","embeddable":true,"href":"https:\/\/www.radiosanctispiritus.cu\/es\/wp-json\/wp\/v2\/categories?post=22918"},{"taxonomy":"post_tag","embeddable":true,"href":"https:\/\/www.radiosanctispiritus.cu\/es\/wp-json\/wp\/v2\/tags?post=22918"},{"taxonomy":"author","embeddable":true,"href":"https:\/\/www.radiosanctispiritus.cu\/es\/wp-json\/wp\/v2\/coauthors?post=22918"}],"curies":[{"name":"wp","href":"https:\/\/api.w.org\/{rel}","templated":true}]}}