{"id":22108,"date":"2024-02-15T19:26:29","date_gmt":"2024-02-16T00:26:29","guid":{"rendered":"https:\/\/www.radiosanctispiritus.cu\/es\/?p=22108"},"modified":"2024-02-15T19:32:52","modified_gmt":"2024-02-16T00:32:52","slug":"oficina-del-conservador-devuelve-a-la-vida-importantes-construcciones-espirituanas","status":"publish","type":"post","link":"https:\/\/www.radiosanctispiritus.cu\/es\/oficina-del-conservador-devuelve-a-la-vida-importantes-construcciones-espirituanas\/","title":{"rendered":"Oficina del Conservador devuelve vida a construcciones espirituanas"},"content":{"rendered":"<p>La Oficina del Conservador de la ciudad de Sancti Sp\u00edritus realiz\u00f3 un grupo de acciones para devolverle la vitalidad a varias construcciones ubicadas en el \u00e1rea priorizada por los valores patrimoniales de la urbe del Yayabo.<\/p>\n<audio class=\"wp-audio-shortcode\" id=\"audio-22108-1\" preload=\"none\" style=\"width: 100%;\" controls=\"controls\"><source type=\"audio\/mpeg\" src=\"https:\/\/www.ivoox.com\/lisandra-al-dia-15-2-24_md_124362290_wp_1.mp3?_=1\" \/><a href=\"https:\/\/www.ivoox.com\/lisandra-al-dia-15-2-24_md_124362290_wp_1.mp3\" target=\"_blank\" rel=\"noopener\">https:\/\/www.ivoox.com\/lisandra-al-dia-15-2-24_md_124362290_wp_1.mp3<\/a><\/audio>\n<p>&nbsp;<\/p>\n","protected":false},"excerpt":{"rendered":"<p>La Oficina del Conservador de la ciudad de Sancti Sp\u00edritus realiz\u00f3 un grupo de acciones para devolverle la vitalidad a varias construcciones ubicadas en el \u00e1rea priorizada por los valores patrimoniales de la urbe del Yayabo.<\/p>\n","protected":false},"author":12,"featured_media":21383,"comment_status":"open","ping_status":"open","sticky":false,"template":"","format":"standard","meta":{"_acf_changed":false,"footnotes":""},"categories":[9,8,1],"tags":[68,32,1084],"coauthors":[],"class_list":["post-22108","post","type-post","status-publish","format-standard","has-post-thumbnail","hentry","category-en-audio","category-noticia","category-sancti-spiritus","tag-oficina-del-conservador-de-la-ciudad-de-sancti-spiritus","tag-patrimonio","tag-sancti-spiritus-510"],"acf":[],"_links":{"self":[{"href":"https:\/\/www.radiosanctispiritus.cu\/es\/wp-json\/wp\/v2\/posts\/22108","targetHints":{"allow":["GET"]}}],"collection":[{"href":"https:\/\/www.radiosanctispiritus.cu\/es\/wp-json\/wp\/v2\/posts"}],"about":[{"href":"https:\/\/www.radiosanctispiritus.cu\/es\/wp-json\/wp\/v2\/types\/post"}],"author":[{"embeddable":true,"href":"https:\/\/www.radiosanctispiritus.cu\/es\/wp-json\/wp\/v2\/users\/12"}],"replies":[{"embeddable":true,"href":"https:\/\/www.radiosanctispiritus.cu\/es\/wp-json\/wp\/v2\/comments?post=22108"}],"version-history":[{"count":0,"href":"https:\/\/www.radiosanctispiritus.cu\/es\/wp-json\/wp\/v2\/posts\/22108\/revisions"}],"wp:featuredmedia":[{"embeddable":true,"href":"https:\/\/www.radiosanctispiritus.cu\/es\/wp-json\/wp\/v2\/media\/21383"}],"wp:attachment":[{"href":"https:\/\/www.radiosanctispiritus.cu\/es\/wp-json\/wp\/v2\/media?parent=22108"}],"wp:term":[{"taxonomy":"category","embeddable":true,"href":"https:\/\/www.radiosanctispiritus.cu\/es\/wp-json\/wp\/v2\/categories?post=22108"},{"taxonomy":"post_tag","embeddable":true,"href":"https:\/\/www.radiosanctispiritus.cu\/es\/wp-json\/wp\/v2\/tags?post=22108"},{"taxonomy":"author","embeddable":true,"href":"https:\/\/www.radiosanctispiritus.cu\/es\/wp-json\/wp\/v2\/coauthors?post=22108"}],"curies":[{"name":"wp","href":"https:\/\/api.w.org\/{rel}","templated":true}]}}