{"id":21958,"date":"2024-02-18T08:40:27","date_gmt":"2024-02-18T13:40:27","guid":{"rendered":"https:\/\/www.radiosanctispiritus.cu\/es\/?p=21958"},"modified":"2024-02-18T08:40:27","modified_gmt":"2024-02-18T13:40:27","slug":"18-de-febrero-dia-del-instructor-de-arte","status":"publish","type":"post","link":"https:\/\/www.radiosanctispiritus.cu\/es\/18-de-febrero-dia-del-instructor-de-arte\/","title":{"rendered":"18 de febrero :  D\u00eda del Instructor de Arte"},"content":{"rendered":"<p>El d\u00eda 18 de febrero celebramos el D\u00eda del Instructor de Arte.<\/p>\n<p>Instituida la celebraci\u00f3n gracias a la propuesta de un espirituano, Jos\u00e9 Meneses Ortega, actual Director del Grupo de Teatro Garabato, esta fecha nos toca muy de cerca a todos.<\/p>\n<p>El 18 de Febrero del a\u00f1o 1945 naci\u00f3 Olga Alonso, Instructora de Teatro que mientras promov\u00eda su arte entre la gente humilde del municipio de Fomento falleci\u00f3 el 4 de Marzo de 1964 en un fatal accidente de tr\u00e1nsito.<\/p>\n<p>As\u00ed qued\u00f3 la presencia de Olguita entre todos: Alegre, profunda, \u00a0inteligente y poseedora de un pensamiento premonitorio: \u201cLos j\u00f3venes decimos que somos\u00a0 historia porque sabemos que somos historia\u201d.<\/p>\n<p>Los Instructores de Arte surgieron en el pa\u00eds inmediatamente despu\u00e9s el triunfo revolucionario. La idea de Fidel de que las cooperativas agr\u00edcolas, las f\u00e1bricas y las escuelas se colmasen de especialistas que promoviesen la cultura fructific\u00f3 r\u00e1pidamente.<\/p>\n<p>No puede escribirse la historia de la Cultura Cubana sin dedicar un cap\u00edtulo a los Instructores de Arte. Descubridores de talentos, promotores de la sensibilidad y el buen gusto, su labor, muchas veces an\u00f3nima, se inscribe entre las m\u00e1s hermosas y gratificantes.<\/p>\n<p>Un Instructor de Arte es un catalizador de la sociedad, un especialista que prepara para el futuro a hombres mejores y m\u00e1s plenos, capaces de crear una obra de arte o de disfrutarla como p\u00fablico.<\/p>\n<p>En medio del per\u00edodo especial los Instructores de Arte pr\u00e1cticamente desaparecieron.<\/p>\n<p>Hoy se cuentan por miles en el pa\u00eds. Las Escuelas de Instructores de Arte diseminadas en todas las provincias graduaron a cientos de estos promotores.<\/p>\n<p>En las escuelas, en las Casas de Cultura, en las comunidades, los Instructores de Arte motivan una vida mejor, una vida donde la cultura juegue un rol protag\u00f3nico e integrador.<\/p>\n<p>Por su desprendimiento, su batallar constante contra lo insensible y por lo que significan en el prop\u00f3sito de convertir a Cuba en un pa\u00eds de cultura, los Instructores de Arte merecen el reconocimiento de todos.<\/p>\n","protected":false},"excerpt":{"rendered":"<p>Los Instructores de Arte., descubridores de talentos, promotores de la sensibilidad y el buen gusto, su labor, muchas veces an\u00f3nima, se inscribe entre las m\u00e1s hermosas y gratificantes.<\/p>\n","protected":false},"author":163,"featured_media":21959,"comment_status":"open","ping_status":"open","sticky":false,"template":"","format":"standard","meta":{"_acf_changed":false,"footnotes":""},"categories":[1023],"tags":[],"coauthors":[],"class_list":["post-21958","post","type-post","status-publish","format-standard","has-post-thumbnail","hentry","category-el-balcon-del-soto"],"acf":[],"_links":{"self":[{"href":"https:\/\/www.radiosanctispiritus.cu\/es\/wp-json\/wp\/v2\/posts\/21958","targetHints":{"allow":["GET"]}}],"collection":[{"href":"https:\/\/www.radiosanctispiritus.cu\/es\/wp-json\/wp\/v2\/posts"}],"about":[{"href":"https:\/\/www.radiosanctispiritus.cu\/es\/wp-json\/wp\/v2\/types\/post"}],"author":[{"embeddable":true,"href":"https:\/\/www.radiosanctispiritus.cu\/es\/wp-json\/wp\/v2\/users\/163"}],"replies":[{"embeddable":true,"href":"https:\/\/www.radiosanctispiritus.cu\/es\/wp-json\/wp\/v2\/comments?post=21958"}],"version-history":[{"count":0,"href":"https:\/\/www.radiosanctispiritus.cu\/es\/wp-json\/wp\/v2\/posts\/21958\/revisions"}],"wp:featuredmedia":[{"embeddable":true,"href":"https:\/\/www.radiosanctispiritus.cu\/es\/wp-json\/wp\/v2\/media\/21959"}],"wp:attachment":[{"href":"https:\/\/www.radiosanctispiritus.cu\/es\/wp-json\/wp\/v2\/media?parent=21958"}],"wp:term":[{"taxonomy":"category","embeddable":true,"href":"https:\/\/www.radiosanctispiritus.cu\/es\/wp-json\/wp\/v2\/categories?post=21958"},{"taxonomy":"post_tag","embeddable":true,"href":"https:\/\/www.radiosanctispiritus.cu\/es\/wp-json\/wp\/v2\/tags?post=21958"},{"taxonomy":"author","embeddable":true,"href":"https:\/\/www.radiosanctispiritus.cu\/es\/wp-json\/wp\/v2\/coauthors?post=21958"}],"curies":[{"name":"wp","href":"https:\/\/api.w.org\/{rel}","templated":true}]}}