{"id":21643,"date":"2024-02-01T17:54:29","date_gmt":"2024-02-01T22:54:29","guid":{"rendered":"https:\/\/www.radiosanctispiritus.cu\/es\/?p=21643"},"modified":"2024-02-01T18:10:26","modified_gmt":"2024-02-01T23:10:26","slug":"elegida-nueva-primera-secretaria-del-comite-provincial-del-partido-en-santiago-de-cuba","status":"publish","type":"post","link":"https:\/\/www.radiosanctispiritus.cu\/es\/elegida-nueva-primera-secretaria-del-comite-provincial-del-partido-en-santiago-de-cuba\/","title":{"rendered":"Elegida nueva Primera Secretaria del Comit\u00e9 Provincial del Partido en Santiago de Cuba"},"content":{"rendered":"<p>Este jueves se realiz\u00f3 el Pleno del Comit\u00e9 Provincial del Partido en Santiago de Cuba. Estuvo presidido por el Primer Secretario del Partido y presidente de la Rep\u00fablica de Cuba, Miguel D\u00edaz-Canel Berm\u00fadez, y el miembro del Bur\u00f3 Pol\u00edtico y Secretario de Organizaci\u00f3n del Comit\u00e9 Central, Roberto Morales Ojeda.<\/p>\n<p>En el encuentro se acord\u00f3, a solicitud del Bur\u00f3 Pol\u00edtico, liberar de su responsabilidad como Primer Secretario de este Comit\u00e9 al compa\u00f1ero Jos\u00e9 Ram\u00f3n Monteagudo Ruiz. Para sustituirlo se promovi\u00f3 a Beatriz Johnson Urrutia, miembro del Comit\u00e9 Central del Partido y del Consejo de Estado, quien ocupaba el cargo de Gobernadora de la provincia.<\/p>\n<p>La dirigente Beatriz Johson es Ingeniera Qu\u00edmica de profesi\u00f3n. Con apenas 54 a\u00f1os de edad, ha desarrollado su vida laboral y de gobierno en Santiago de Cuba. Aqu\u00ed ha ocupado varios cargos en la F\u00e1brica de Cemento <em>Jos\u00e9 Merceron Allen<\/em>: jefa de departamento, directora t\u00e9cnica, de mantenimiento, de inversiones y desarrollo. Posteriormente fue gerente general de la Empresa Mixta Cemento Santiago de Cuba S.A. perteneciente al Ministerio de la Construcci\u00f3n.<\/p>\n<p>En la actividad de gobierno, ejerci\u00f3 como vicepresidenta y presidenta de la Asamblea Provincial del Poder Popular en Santiago de Cuba hasta asumir como gobernadora de la provincia.<\/p>\n<p>En la cita, el mandatario cubano D\u00edaz-Canel y el Secretario de Organizaci\u00f3n, Roberto Morales Ojeda, expresaron su reconocimiento a Jos\u00e9 Ram\u00f3n Monteagudo Ruiz, por su desempe\u00f1o al frente de la organizaci\u00f3n partidista en la heroica ciudad, quien contribuy\u00f3 a mantener la unidad entre los cuadros y el pueblo para enfrentar con exigencia y creatividad las tareas en el orden pol\u00edtico, econ\u00f3mico y social.<\/p>\n<p>El compa\u00f1ero Monteagudo Ruiz se reintegrar\u00e1 al Secretariado del Comit\u00e9 Central del Partido Comunista de Cuba.<\/p>\n","protected":false},"excerpt":{"rendered":"<p>Beatriz Johnson Urrutia sustituye a Jos\u00e9 Ram\u00f3n Monteagudo Ruiz, quien se reintegrar\u00e1 al Secretariado del Comit\u00e9 Central del Partido Comunista de Cuba, seg\u00fan se inform\u00f3 en Pleno encabezado por Miguel D\u00edaz-Canel.<\/p>\n","protected":false},"author":26,"featured_media":21645,"comment_status":"open","ping_status":"open","sticky":false,"template":"","format":"standard","meta":{"_acf_changed":false,"footnotes":""},"categories":[3,8],"tags":[28,74,75,739],"coauthors":[],"class_list":["post-21643","post","type-post","status-publish","format-standard","has-post-thumbnail","hentry","category-cuba","category-noticia","tag-miguel-diaz-canel","tag-partido-comunista-de-cuba","tag-pcc","tag-santiago-de-cuba"],"acf":[],"_links":{"self":[{"href":"https:\/\/www.radiosanctispiritus.cu\/es\/wp-json\/wp\/v2\/posts\/21643","targetHints":{"allow":["GET"]}}],"collection":[{"href":"https:\/\/www.radiosanctispiritus.cu\/es\/wp-json\/wp\/v2\/posts"}],"about":[{"href":"https:\/\/www.radiosanctispiritus.cu\/es\/wp-json\/wp\/v2\/types\/post"}],"author":[{"embeddable":true,"href":"https:\/\/www.radiosanctispiritus.cu\/es\/wp-json\/wp\/v2\/users\/26"}],"replies":[{"embeddable":true,"href":"https:\/\/www.radiosanctispiritus.cu\/es\/wp-json\/wp\/v2\/comments?post=21643"}],"version-history":[{"count":0,"href":"https:\/\/www.radiosanctispiritus.cu\/es\/wp-json\/wp\/v2\/posts\/21643\/revisions"}],"wp:featuredmedia":[{"embeddable":true,"href":"https:\/\/www.radiosanctispiritus.cu\/es\/wp-json\/wp\/v2\/media\/21645"}],"wp:attachment":[{"href":"https:\/\/www.radiosanctispiritus.cu\/es\/wp-json\/wp\/v2\/media?parent=21643"}],"wp:term":[{"taxonomy":"category","embeddable":true,"href":"https:\/\/www.radiosanctispiritus.cu\/es\/wp-json\/wp\/v2\/categories?post=21643"},{"taxonomy":"post_tag","embeddable":true,"href":"https:\/\/www.radiosanctispiritus.cu\/es\/wp-json\/wp\/v2\/tags?post=21643"},{"taxonomy":"author","embeddable":true,"href":"https:\/\/www.radiosanctispiritus.cu\/es\/wp-json\/wp\/v2\/coauthors?post=21643"}],"curies":[{"name":"wp","href":"https:\/\/api.w.org\/{rel}","templated":true}]}}