{"id":21602,"date":"2024-01-31T23:15:29","date_gmt":"2024-02-01T04:15:29","guid":{"rendered":"https:\/\/www.radiosanctispiritus.cu\/es\/?p=21602"},"modified":"2024-01-31T23:15:29","modified_gmt":"2024-02-01T04:15:29","slug":"mayor-impulso-a-labores-en-centro-de-convenciones-espirituano","status":"publish","type":"post","link":"https:\/\/www.radiosanctispiritus.cu\/es\/mayor-impulso-a-labores-en-centro-de-convenciones-espirituano\/","title":{"rendered":"Mayor impulso a labores en centro de convenciones espirituano"},"content":{"rendered":"<p>Tras un profundo proceso de restauraci\u00f3n, los altos de la popularmente conocida como Plaza del Mercado, uno de los sitios de importantes valores patrimoniales ubicado en la zona m\u00e1s antigua de esta urbe y que se convertir\u00e1 en un centro de convenciones, se encuentran hoy en fase de terminaci\u00f3n.<\/p>\n<p>Alaen Echemend\u00eda Zerquera, director de Inversiones en la Oficina del Conservador de la ciudad de Sancti Sp\u00edritus, detall\u00f3 a la ACN que esta es una de las obras priorizadas a prop\u00f3sito de la jornada por los 510 a\u00f1os de la otrora villa que se celebrar\u00e1n en el mes de junio.<\/p>\n<p>Insisti\u00f3 en que este es un espacio con un valor ambiental significativo, pues est\u00e1 localizado en una de las arterias m\u00e1s concurridas de la localidad, y cuenta con una cubierta pirograbada de la \u00e9poca en que fue edificado que preserva sus dibujos, pero aclar\u00f3 que ten\u00eda, por ejemplo, los entrepisos muy da\u00f1ados, lo cual afectaba, a su vez, a la planta baja.<\/p>\n<p>Pese a las limitaciones que enfrenta Cuba y a la complejidad de la reconstrucci\u00f3n de un lugar que puede acoger ahora reuniones, negocios o encuentros acad\u00e9micos para unas 80 personas, la inmensa mayor\u00eda de los recursos para su culminaci\u00f3n ya est\u00e1n disponibles, expres\u00f3 la fuente, quien signific\u00f3 que s\u00f3lo el \u00e1rea de la escalera queda en fase de estructura.<\/p>\n<p>Al ahondar en las labores constructivas, Echemend\u00eda Zerquera explic\u00f3 que en estos momentos est\u00e1n en el proceso de pintura de los ventanales y puertas, en los detalles de la restauraci\u00f3n de los dibujos de los techos y en el enchape de los ba\u00f1os; mientras, subray\u00f3 que ya se realizaron las instalaciones el\u00e9ctricas y de los sistemas inform\u00e1ticos, adem\u00e1s de las redes hidr\u00e1ulicas y sanitarias.<\/p>\n<p>El director de Inversiones de la entidad espirituana destac\u00f3 la participaci\u00f3n de diferentes actores econ\u00f3micos en la reparaci\u00f3n del local, dentro de ellos, la cooperativa Sacha, Confort Construcciones, Solutel -a cargo de los sistemas tecnol\u00f3gicos- y la Empresa Caguayo S.A.<\/p>\n<p>Echemend\u00eda Zerquera puntualiz\u00f3 que la instituci\u00f3n encargada de gestionar y preservar, esencialmente, los atractivos de la zona priorizada para la conservaci\u00f3n tiene otras obras que est\u00e1n por iniciarse y algunas en curso como el proyecto de la calle Independencia Sur, el Centro de Interpretaci\u00f3n de la Ciudad, o la propia edificaci\u00f3n donde radica la oficina.<\/p>\n<p>En el caso del inmueble conocido como la Maqueta de la Ciudad, un sitio donde est\u00e1n ubicados 16 de los 20 cuadrantes previstos a peque\u00f1a escala de la urbe, manifest\u00f3 que las acciones abarcan la reparaci\u00f3n integral de la cubierta que estaba muy deteriorada y modificaciones en los patios, puesto que presentaban problemas para evacuar las aguas pluviales.<\/p>\n","protected":false},"excerpt":{"rendered":"<p>Tras un profundo proceso de restauraci\u00f3n, uno de los sitios de importantes valores patrimoniales ubicado en la zona m\u00e1s antigua de Sancti Sp\u00edritus y que se convertir\u00e1 en un centro de convenciones, se encuentran hoy en fase de terminaci\u00f3n.<\/p>\n","protected":false},"author":123,"featured_media":21603,"comment_status":"open","ping_status":"open","sticky":false,"template":"","format":"standard","meta":{"_acf_changed":false,"footnotes":""},"categories":[8,1],"tags":[68,32,1084],"coauthors":[],"class_list":["post-21602","post","type-post","status-publish","format-standard","has-post-thumbnail","hentry","category-noticia","category-sancti-spiritus","tag-oficina-del-conservador-de-la-ciudad-de-sancti-spiritus","tag-patrimonio","tag-sancti-spiritus-510"],"acf":[],"_links":{"self":[{"href":"https:\/\/www.radiosanctispiritus.cu\/es\/wp-json\/wp\/v2\/posts\/21602","targetHints":{"allow":["GET"]}}],"collection":[{"href":"https:\/\/www.radiosanctispiritus.cu\/es\/wp-json\/wp\/v2\/posts"}],"about":[{"href":"https:\/\/www.radiosanctispiritus.cu\/es\/wp-json\/wp\/v2\/types\/post"}],"author":[{"embeddable":true,"href":"https:\/\/www.radiosanctispiritus.cu\/es\/wp-json\/wp\/v2\/users\/123"}],"replies":[{"embeddable":true,"href":"https:\/\/www.radiosanctispiritus.cu\/es\/wp-json\/wp\/v2\/comments?post=21602"}],"version-history":[{"count":0,"href":"https:\/\/www.radiosanctispiritus.cu\/es\/wp-json\/wp\/v2\/posts\/21602\/revisions"}],"wp:featuredmedia":[{"embeddable":true,"href":"https:\/\/www.radiosanctispiritus.cu\/es\/wp-json\/wp\/v2\/media\/21603"}],"wp:attachment":[{"href":"https:\/\/www.radiosanctispiritus.cu\/es\/wp-json\/wp\/v2\/media?parent=21602"}],"wp:term":[{"taxonomy":"category","embeddable":true,"href":"https:\/\/www.radiosanctispiritus.cu\/es\/wp-json\/wp\/v2\/categories?post=21602"},{"taxonomy":"post_tag","embeddable":true,"href":"https:\/\/www.radiosanctispiritus.cu\/es\/wp-json\/wp\/v2\/tags?post=21602"},{"taxonomy":"author","embeddable":true,"href":"https:\/\/www.radiosanctispiritus.cu\/es\/wp-json\/wp\/v2\/coauthors?post=21602"}],"curies":[{"name":"wp","href":"https:\/\/api.w.org\/{rel}","templated":true}]}}