{"id":21277,"date":"2024-01-23T14:57:09","date_gmt":"2024-01-23T19:57:09","guid":{"rendered":"https:\/\/www.radiosanctispiritus.cu\/es\/?p=21277"},"modified":"2024-01-23T14:57:09","modified_gmt":"2024-01-23T19:57:09","slug":"sancti-spiritus-donde-se-unio-el-oriente-con-el-occidente-de-cuba-fotos","status":"publish","type":"post","link":"https:\/\/www.radiosanctispiritus.cu\/es\/sancti-spiritus-donde-se-unio-el-oriente-con-el-occidente-de-cuba-fotos\/","title":{"rendered":"Sancti Sp\u00edritus, donde se uni\u00f3 el oriente con el occidente de Cuba (+Fotos)"},"content":{"rendered":"<div data-id=\"44014e52\" data-element_type=\"widget\" data-widget_type=\"theme-post-excerpt.default\">\n<p>La Plaza de la Fundaci\u00f3n de Sancti Sp\u00edritus, es hoy lugar para rememorar la historia, la uni\u00f3n de los caminos del oriente y el occidente de Cuba, y donde se erigi\u00f3 el segundo mayor templo cat\u00f3lico en el siglo XVII.<\/p>\n<\/div>\n<div data-id=\"560e1f7e\" data-element_type=\"widget\" data-widget_type=\"theme-post-content.default\">\n<p>La localidad del Esp\u00edritu Santo, Monumento Nacional, pr\u00f3xima a cumplir 510 a\u00f1os de su bendici\u00f3n por el padre Bartolom\u00e9 de Las Casas, convertido en defensor de los indios, fue y es lugar medio de la Isla.<\/p>\n<p>Prensa Latina en di\u00e1logo con Roberto Vitlloch, director de la Oficina del Conservador, afirm\u00f3 que la plaza de frente al antiguo camino de El Pr\u00edncipe (calle de Agramonte) con la v\u00eda Real (Independencia) que atraviesa la villa y articula con el Camino de La Habana, lleg\u00f3 ser el punto de uni\u00f3n de la v\u00eda central del pa\u00eds.<\/p>\n<p>Ese lugar de los recuerdos es parte de su riqueza colonial. De una zona bald\u00eda, puro campo de esbeltas arboledas, se convierte en el siglo XVII en recinto de la ermita de San Juan Bautista.<\/p>\n<p><img decoding=\"async\" class=\"size-medium wp-image-21278 aligncenter\" src=\"https:\/\/www.radiosanctispiritus.cu\/es\/wp-content\/uploads\/Plaza-de-la-Fundacion-600x357.jpg\" alt=\"\" width=\"600\" height=\"357\" srcset=\"https:\/\/www.radiosanctispiritus.cu\/es\/wp-content\/uploads\/Plaza-de-la-Fundacion-600x357.jpg 600w, https:\/\/www.radiosanctispiritus.cu\/es\/wp-content\/uploads\/Plaza-de-la-Fundacion-768x458.jpg 768w, https:\/\/www.radiosanctispiritus.cu\/es\/wp-content\/uploads\/Plaza-de-la-Fundacion.jpg 1024w\" sizes=\"(max-width: 600px) 100vw, 600px\" \/><\/p>\n<p>Este templo de la religi\u00f3n cat\u00f3lica estaba muy cerca de la Parroquial Mayor, que nace en el mismo lugar que ocup\u00f3 un peque\u00f1o templo de madera al trasladar la villa a la vera del rio Yayabo en 1522. La obra fue inaugurada en 1680.<\/p>\n<p><img decoding=\"async\" class=\"size-medium wp-image-21279 aligncenter\" src=\"https:\/\/www.radiosanctispiritus.cu\/es\/wp-content\/uploads\/Edificio-SanctiSpiritus-600x458.jpg\" alt=\"\" width=\"600\" height=\"458\" srcset=\"https:\/\/www.radiosanctispiritus.cu\/es\/wp-content\/uploads\/Edificio-SanctiSpiritus-600x458.jpg 600w, https:\/\/www.radiosanctispiritus.cu\/es\/wp-content\/uploads\/Edificio-SanctiSpiritus-768x586.jpg 768w, https:\/\/www.radiosanctispiritus.cu\/es\/wp-content\/uploads\/Edificio-SanctiSpiritus.jpg 900w\" sizes=\"(max-width: 600px) 100vw, 600px\" \/><\/p>\n<p>La iglesia que veneraba al religioso en el cristianismo, predicador ambulante jud\u00edo contempor\u00e1neo de Jes\u00fas de Nazaret, en apenas dos siglos que se mantuvo en pie vio crecer a su alrededor palacetes y casas de hacendados y comerciantes.<\/p>\n<p>La ermita por su tiempo y falta de atenci\u00f3n se deterior\u00f3 siendo demolida por Domingo Coroalles quien pag\u00f3 para la ejecuci\u00f3n de una casa de dos pisos, teniendo que hacer adaptaciones posteriores al resurgir restos de las personas inhumadas en el lugar.<\/p>\n<p><img decoding=\"async\" class=\"size-medium wp-image-21280 aligncenter\" src=\"https:\/\/www.radiosanctispiritus.cu\/es\/wp-content\/uploads\/Neneca-600x451.jpg\" alt=\"\" width=\"600\" height=\"451\" srcset=\"https:\/\/www.radiosanctispiritus.cu\/es\/wp-content\/uploads\/Neneca-600x451.jpg 600w, https:\/\/www.radiosanctispiritus.cu\/es\/wp-content\/uploads\/Neneca-768x577.jpg 768w, https:\/\/www.radiosanctispiritus.cu\/es\/wp-content\/uploads\/Neneca.jpg 931w\" sizes=\"(max-width: 600px) 100vw, 600px\" \/><\/p>\n<p>Mar\u00eda Antonieta Jim\u00e9nez, Historiadora de la Ciudad, rese\u00f1a que en ese sitio naci\u00f3 el 13 de abril de 1836 Manuel Coroalles Pina, patriota acreedor de la confianza del Ap\u00f3stol de la Independencia, Jos\u00e9 Mart\u00ed (1853-1895).<\/p>\n<p>Una breve, pero intensa relaci\u00f3n existi\u00f3 entre el tambi\u00e9n destacado m\u00e9dico y Mart\u00ed, el m\u00e1s universal de los cubanos, quien catalog\u00f3 a Coroalles como hombre de patriotismo y sensatez.<\/p>\n<p>\u201cEl buen Coroalles\u201d, con ese y otros calificativos se refiri\u00f3 a este hijo de Sancti Sp\u00edritus radicado en Panam\u00e1, desde donde prest\u00f3 sus servicios a la Patria.<\/p>\n<p>Una tarja, cerca de lo que fue el hogar del ilustre espirituano, se\u00f1ala lo siguiente: \u201cLabor\u00f3 con Mart\u00ed, G\u00f3mez y Maceo por la independencia de Cuba\u201d.<\/p>\n<p>Al paso de los a\u00f1os la edificaci\u00f3n de corte colonial con balc\u00f3n enrejado y amplias puertas y ventanas tuvo otros due\u00f1os hasta pasar a manos de la Sociedad Mercantil de Fern\u00e1ndez y Sa\u00e9n.<\/p>\n<p>En la planta baja por Independencia radic\u00f3 un comercio mixto y fue arrendada a la empresa Nueva F\u00e1brica de Hielo. En 1959 se manten\u00eda habitada la planta alta y se ofrec\u00edan otros servicios como almac\u00e9n, un peque\u00f1o taller de reparaci\u00f3n de zapatos, entre otros.<\/p>\n<p><img decoding=\"async\" class=\"size-medium wp-image-21281 aligncenter\" src=\"https:\/\/www.radiosanctispiritus.cu\/es\/wp-content\/uploads\/Derrumbe-Garal-74-600x343.jpg\" alt=\"\" width=\"600\" height=\"343\" srcset=\"https:\/\/www.radiosanctispiritus.cu\/es\/wp-content\/uploads\/Derrumbe-Garal-74-600x343.jpg 600w, https:\/\/www.radiosanctispiritus.cu\/es\/wp-content\/uploads\/Derrumbe-Garal-74-768x440.jpg 768w, https:\/\/www.radiosanctispiritus.cu\/es\/wp-content\/uploads\/Derrumbe-Garal-74-305x175.jpg 305w, https:\/\/www.radiosanctispiritus.cu\/es\/wp-content\/uploads\/Derrumbe-Garal-74.jpg 1024w\" sizes=\"(max-width: 600px) 100vw, 600px\" \/><\/p>\n<p>Las \u00faltimas fotos tomadas a este inmueble fueron en 1974 por Garal (Ra\u00fal Garc\u00eda \u00c1lvarez) y datan del momento de su derrumbe, en horas de la tarde, cuando se ejecutaban por su estado de deterioro algunos trabajos de mantenimiento.<\/p>\n<p>Actualmente la plazoleta de la Fundaci\u00f3n luce bancos, jard\u00edn enrejado y una obra escult\u00f3rica del artista Julio Neira: El Esp\u00edritu Santo, s\u00edmbolo de la villa, representado en un ala de una paloma estilizada.<\/p>\n<\/div>\n","protected":false},"excerpt":{"rendered":"<p>La Plaza de la Fundaci\u00f3n de Sancti Sp\u00edritus, es hoy lugar para rememorar la historia, la uni\u00f3n de los caminos del oriente y el occidente de Cuba, y donde se erigi\u00f3 el segundo mayor templo cat\u00f3lico en el siglo XVII.<\/p>\n","protected":false},"author":22,"featured_media":21282,"comment_status":"open","ping_status":"open","sticky":false,"template":"","format":"standard","meta":{"_acf_changed":false,"footnotes":""},"categories":[6,8,1],"tags":[],"coauthors":[],"class_list":["post-21277","post","type-post","status-publish","format-standard","has-post-thumbnail","hentry","category-cultura","category-noticia","category-sancti-spiritus"],"acf":[],"_links":{"self":[{"href":"https:\/\/www.radiosanctispiritus.cu\/es\/wp-json\/wp\/v2\/posts\/21277","targetHints":{"allow":["GET"]}}],"collection":[{"href":"https:\/\/www.radiosanctispiritus.cu\/es\/wp-json\/wp\/v2\/posts"}],"about":[{"href":"https:\/\/www.radiosanctispiritus.cu\/es\/wp-json\/wp\/v2\/types\/post"}],"author":[{"embeddable":true,"href":"https:\/\/www.radiosanctispiritus.cu\/es\/wp-json\/wp\/v2\/users\/22"}],"replies":[{"embeddable":true,"href":"https:\/\/www.radiosanctispiritus.cu\/es\/wp-json\/wp\/v2\/comments?post=21277"}],"version-history":[{"count":0,"href":"https:\/\/www.radiosanctispiritus.cu\/es\/wp-json\/wp\/v2\/posts\/21277\/revisions"}],"wp:featuredmedia":[{"embeddable":true,"href":"https:\/\/www.radiosanctispiritus.cu\/es\/wp-json\/wp\/v2\/media\/21282"}],"wp:attachment":[{"href":"https:\/\/www.radiosanctispiritus.cu\/es\/wp-json\/wp\/v2\/media?parent=21277"}],"wp:term":[{"taxonomy":"category","embeddable":true,"href":"https:\/\/www.radiosanctispiritus.cu\/es\/wp-json\/wp\/v2\/categories?post=21277"},{"taxonomy":"post_tag","embeddable":true,"href":"https:\/\/www.radiosanctispiritus.cu\/es\/wp-json\/wp\/v2\/tags?post=21277"},{"taxonomy":"author","embeddable":true,"href":"https:\/\/www.radiosanctispiritus.cu\/es\/wp-json\/wp\/v2\/coauthors?post=21277"}],"curies":[{"name":"wp","href":"https:\/\/api.w.org\/{rel}","templated":true}]}}