{"id":21093,"date":"2024-01-17T18:06:20","date_gmt":"2024-01-17T23:06:20","guid":{"rendered":"https:\/\/www.radiosanctispiritus.cu\/es\/?p=21093"},"modified":"2024-01-17T18:06:20","modified_gmt":"2024-01-17T23:06:20","slug":"rechaza-cuba-ante-no-alineados-ataques-contra-civiles-en-gaza","status":"publish","type":"post","link":"https:\/\/www.radiosanctispiritus.cu\/es\/rechaza-cuba-ante-no-alineados-ataques-contra-civiles-en-gaza\/","title":{"rendered":"Rechaza Cuba ante No Alineados ataques contra civiles en Gaza"},"content":{"rendered":"<p>El canciller de Cuba, Bruno Rodr\u00edguez, conden\u00f3 este mi\u00e9rcoles, en la reuni\u00f3n del comit\u00e9 ministerial del Mnoal sobre Palestina, los asesinatos de civiles, especialmente de mujeres, ni\u00f1os y de trabajadores humanitarios de Naciones Unidas en la Franja de Gaza.<\/p>\n<p>El ministro de Relaciones Exteriores expres\u00f3 en los t\u00e9rminos m\u00e1s en\u00e9rgicos el rechazo del pa\u00eds caribe\u00f1o a los bombardeos indiscriminados contra la poblaci\u00f3n en Gaza y la destrucci\u00f3n de viviendas, hospitales e infraestructura civil, as\u00ed como la privaci\u00f3n de los servicios de agua, alimentos, electricidad y combustible.<\/p>\n<p>Asegur\u00f3 que est\u00e1s acciones empeoran considerablemente la precaria situaci\u00f3n humanitaria resultante del bloqueo de la Franja de Gaza y constituyen flagrantes violaciones del Derecho Internacional Humanitario, seg\u00fan rese\u00f1a la Canciller\u00eda cubana en su sitio web.<\/p>\n<p>\u00abCon su filosof\u00eda del despojo, Israel ha provocado una cat\u00e1strofe humanitaria de proporciones extremas en el territorio palestino ilegalmente ocupado durante 75 a\u00f1os\u00bb, denunci\u00f3 el m\u00e1ximo jefe de la diplomacia cubana en el foro del Movimiento de Pa\u00edses No Alineados (Mnoal) que sesiona en Uganda.<\/p>\n<p>Nada puede justificar semejante barbarie, subray\u00f3 Rodr\u00edguez, quien demand\u00f3 el cese al fuego inmediato y la entrega de ayuda humanitaria a Gaza sin restricciones. El canciller ratific\u00f3 el rechazo de Cuba a todas las acciones de las fuerzas israel\u00edes en la Cisjordania ocupada, que han recrudecido la represi\u00f3n y los asesinatos de los palestinos que la habitan, en franca violaci\u00f3n del Derecho Internacional.<\/p>\n<p>Consider\u00f3 como inaceptable que el Consejo de Seguridad de la ONU contin\u00fae sin hacer cumplir sus propias resoluciones para poner fin a los desmanes de Israel, \u00abla potencia ocupante\u00bb, de los que Estados Unidos ha sido c\u00f3mplice, al obstruir y usar el veto de manera reiterada para impedir la acci\u00f3n del \u00f3rgano, socavando la paz, la seguridad y la estabilidad regionales.<\/p>\n<p>Cuba reitera su invariable solidaridad con la causa Palestina y reafirma que jam\u00e1s estar\u00e1 entre los indiferentes, manifest\u00f3.<\/p>\n<p>Durante su alocuci\u00f3n, Rodr\u00edguez propuso que el comit\u00e9 ministerial recomiende a la XIX Cumbre del Mnoal apoyar el env\u00edo urgente a la Franja de Gaza de una Misi\u00f3n de Protecci\u00f3n Internacional, autorizada por la Asamblea General de las Naciones Unidas.<\/p>\n<p>Dicha misi\u00f3n tendr\u00eda el mandato de garantizar la seguridad y la protecci\u00f3n de la poblaci\u00f3n civil, y facilitar la entrega de ayuda humanitaria y alimentos que se necesitan con urgencia.<\/p>\n<p>Reiter\u00f3 que la isla continuar\u00e1 contribuyendo en todo lo posible a los esfuerzos internacionales dirigidos a poner t\u00e9rmino a la actual situaci\u00f3n, y en aras de este objetivo, la naci\u00f3n caribe\u00f1a apoya la demanda de Sud\u00e1frica ante la Corte Internacional de Justicia contra Israel.<\/p>\n<p>Asimismo, a\u00f1adi\u00f3 que, Cuba respalda la convocatoria de una Conferencia Internacional de Paz con el prop\u00f3sito de garantizar el ejercicio de los derechos del pueblo palestino, as\u00ed como el pronto ingreso del Estado palestino como Estado Miembro pleno de las Naciones Unidas.<\/p>\n","protected":false},"excerpt":{"rendered":"<p>El canciller de Cuba, Bruno Rodr\u00edguez, conden\u00f3 este mi\u00e9rcoles, en la reuni\u00f3n del comit\u00e9 ministerial del Mnoal sobre Palestina, los asesinatos de civiles, especialmente de mujeres, ni\u00f1os y de trabajadores humanitarios de Naciones Unidas en la Franja de Gaza.<\/p>\n","protected":false},"author":22,"featured_media":21094,"comment_status":"open","ping_status":"open","sticky":false,"template":"","format":"standard","meta":{"_acf_changed":false,"footnotes":""},"categories":[3,8],"tags":[100,1073,1074,371],"coauthors":[],"class_list":["post-21093","post","type-post","status-publish","format-standard","has-post-thumbnail","hentry","category-cuba","category-noticia","tag-bruno-rodriguez","tag-cuba-no-alineados","tag-mnoal","tag-no-alineados"],"acf":[],"_links":{"self":[{"href":"https:\/\/www.radiosanctispiritus.cu\/es\/wp-json\/wp\/v2\/posts\/21093","targetHints":{"allow":["GET"]}}],"collection":[{"href":"https:\/\/www.radiosanctispiritus.cu\/es\/wp-json\/wp\/v2\/posts"}],"about":[{"href":"https:\/\/www.radiosanctispiritus.cu\/es\/wp-json\/wp\/v2\/types\/post"}],"author":[{"embeddable":true,"href":"https:\/\/www.radiosanctispiritus.cu\/es\/wp-json\/wp\/v2\/users\/22"}],"replies":[{"embeddable":true,"href":"https:\/\/www.radiosanctispiritus.cu\/es\/wp-json\/wp\/v2\/comments?post=21093"}],"version-history":[{"count":0,"href":"https:\/\/www.radiosanctispiritus.cu\/es\/wp-json\/wp\/v2\/posts\/21093\/revisions"}],"wp:featuredmedia":[{"embeddable":true,"href":"https:\/\/www.radiosanctispiritus.cu\/es\/wp-json\/wp\/v2\/media\/21094"}],"wp:attachment":[{"href":"https:\/\/www.radiosanctispiritus.cu\/es\/wp-json\/wp\/v2\/media?parent=21093"}],"wp:term":[{"taxonomy":"category","embeddable":true,"href":"https:\/\/www.radiosanctispiritus.cu\/es\/wp-json\/wp\/v2\/categories?post=21093"},{"taxonomy":"post_tag","embeddable":true,"href":"https:\/\/www.radiosanctispiritus.cu\/es\/wp-json\/wp\/v2\/tags?post=21093"},{"taxonomy":"author","embeddable":true,"href":"https:\/\/www.radiosanctispiritus.cu\/es\/wp-json\/wp\/v2\/coauthors?post=21093"}],"curies":[{"name":"wp","href":"https:\/\/api.w.org\/{rel}","templated":true}]}}