{"id":21012,"date":"2024-01-15T08:08:11","date_gmt":"2024-01-15T13:08:11","guid":{"rendered":"https:\/\/www.radiosanctispiritus.cu\/es\/?p=21012"},"modified":"2024-01-15T09:14:25","modified_gmt":"2024-01-15T14:14:25","slug":"miniacuario-una-realidad-cooperada","status":"publish","type":"post","link":"https:\/\/www.radiosanctispiritus.cu\/es\/miniacuario-una-realidad-cooperada\/","title":{"rendered":"Miniacuario, una realidad cooperada"},"content":{"rendered":"<p>Hoy los habitantes de la comunidad costera Playa La Boca y quienes visitan el lugar tiene un punto de conversaci\u00f3n convergente: el mini acuario, como ya se le conoce popularmente.<\/p>\n<p>Y es que desde hace solo unas horas ese sue\u00f1o se hizo realidad, gracias a la acci\u00f3n cooperada de la Empresa Aldaba, la UEB Nacari, de Flora y Fauna y la Oficina de Proyectos para el Desarrollo Local y el Gobierno Municipal de Trinidad y que fue uno de los regalos a la a\u00f1eja urbe en su 510 cumplea\u00f1os.<\/p>\n<p>El Acuario marino de peces invertebrados del arrecife es desde ya un espacio recreativo, ambientalmente sostenible, que pone al alcance del visitante en siete grandes peceras, una habilitaci\u00f3n del fondo marino con sus inquilinos impl\u00edcitos, permitiendo la observaci\u00f3n de forma directa, conocerlos y disfrutarlos.<\/p>\n<p>Este novedoso centro tambi\u00e9n tiene entre sus objetivos propiciar acciones de capacitaci\u00f3n a quienes lo necesiten y adem\u00e1s, punto de encuentro para el desarrollo de acciones de educaci\u00f3n, monitoreo y cuidado medioambiental, en un ecosistema muy interesante pero fr\u00e1gil.<\/p>\n<p>Vale recordar que el ecosistema marino de arrecife es el m\u00e1s densamente poblado del planeta y los peces que lo habitan, los m\u00e1s conocidos y admirados por el hombre.<\/p>\n<div id=\"attachment_21013\" style=\"width: 588px\" class=\"wp-caption aligncenter\"><img decoding=\"async\" aria-describedby=\"caption-attachment-21013\" class=\"size-full wp-image-21013\" src=\"https:\/\/www.radiosanctispiritus.cu\/es\/wp-content\/uploads\/miniacuario1.jpg\" alt=\"El miniacuario es una de las novedades que se presenta al visitante y a los pobladores de la comunidad costera de Playa La Boca. Foto: Oscar Alfonso Sosa.\" width=\"578\" height=\"400\" \/><p id=\"caption-attachment-21013\" class=\"wp-caption-text\">El miniacuario es una de las novedades que se presenta al visitante y a los pobladores de la comunidad costera de Playa La Boca. Foto: Oscar Alfonso Sosa.<\/p><\/div>\n<div id=\"attachment_21014\" style=\"width: 542px\" class=\"wp-caption aligncenter\"><img decoding=\"async\" aria-describedby=\"caption-attachment-21014\" class=\"size-full wp-image-21014\" src=\"https:\/\/www.radiosanctispiritus.cu\/es\/wp-content\/uploads\/miniacuario2.jpg\" alt=\"El Acuario marino de peces invertebrados del arrecife es desde ya un espacio recreativo, ambientalmente sostenible. Foto: Oscar Alfonso Sosa.\" width=\"532\" height=\"400\" \/><p id=\"caption-attachment-21014\" class=\"wp-caption-text\">El Acuario marino de peces invertebrados del arrecife es desde ya un espacio recreativo, ambientalmente sostenible. Foto: Oscar Alfonso Sosa.<\/p><\/div>\n<div id=\"attachment_21015\" style=\"width: 568px\" class=\"wp-caption aligncenter\"><img decoding=\"async\" aria-describedby=\"caption-attachment-21015\" class=\"size-full wp-image-21015\" src=\"https:\/\/www.radiosanctispiritus.cu\/es\/wp-content\/uploads\/miniacuario3.jpg\" alt=\"En siete grandes peceras se disfruta una habilitaci\u00f3n del fondo marino con sus inquilinos impl\u00edcitos. Foto: Oscar Alfonso Sosa.\" width=\"558\" height=\"400\" \/><p id=\"caption-attachment-21015\" class=\"wp-caption-text\">En siete grandes peceras se disfruta una habilitaci\u00f3n del fondo marino con sus inquilinos impl\u00edcitos. Foto: Oscar Alfonso Sosa.<\/p><\/div>\n<div id=\"attachment_21016\" style=\"width: 492px\" class=\"wp-caption aligncenter\"><img decoding=\"async\" aria-describedby=\"caption-attachment-21016\" class=\"size-full wp-image-21016\" src=\"https:\/\/www.radiosanctispiritus.cu\/es\/wp-content\/uploads\/miniacuario4.jpg\" alt=\"Este novedoso centro tambi\u00e9n tiene entre sus objetivos propiciar acciones de capacitaci\u00f3n a quienes lo necesiten. Foto: Oscar Alfonso Sosa.\" width=\"482\" height=\"400\" \/><p id=\"caption-attachment-21016\" class=\"wp-caption-text\">Este novedoso centro tambi\u00e9n tiene entre sus objetivos propiciar acciones de capacitaci\u00f3n a quienes lo necesiten. Foto: Oscar Alfonso Sosa.<\/p><\/div>\n<div id=\"attachment_21018\" style=\"width: 597px\" class=\"wp-caption aligncenter\"><img decoding=\"async\" aria-describedby=\"caption-attachment-21018\" class=\"size-full wp-image-21018\" src=\"https:\/\/www.radiosanctispiritus.cu\/es\/wp-content\/uploads\/miniacuario6.jpg\" alt=\"Manuel Marrero Cruz (segundo de I a D) estuvo presente en la apertura del centro, uno de los regalos a Trinidad en sus 510 a\u00f1os de fundada. Foto: Oscar Alfonso Sosa.\" width=\"587\" height=\"400\" \/><p id=\"caption-attachment-21018\" class=\"wp-caption-text\">Manuel Marrero Cruz (segundo de I a D) estuvo presente en la apertura del centro, uno de los regalos a Trinidad en sus 510 a\u00f1os de fundada. Foto: Oscar Alfonso Sosa.<\/p><\/div>\n","protected":false},"excerpt":{"rendered":"<p>El mini acuario en la comunidad costera Playa La Boca fue uno de los regalos a la a\u00f1eja urbe en su 510 cumplea\u00f1os<\/p>\n","protected":false},"author":15,"featured_media":21017,"comment_status":"open","ping_status":"open","sticky":false,"template":"","format":"standard","meta":{"_acf_changed":false,"footnotes":""},"categories":[1],"tags":[],"coauthors":[],"class_list":["post-21012","post","type-post","status-publish","format-standard","has-post-thumbnail","hentry","category-sancti-spiritus"],"acf":[],"_links":{"self":[{"href":"https:\/\/www.radiosanctispiritus.cu\/es\/wp-json\/wp\/v2\/posts\/21012","targetHints":{"allow":["GET"]}}],"collection":[{"href":"https:\/\/www.radiosanctispiritus.cu\/es\/wp-json\/wp\/v2\/posts"}],"about":[{"href":"https:\/\/www.radiosanctispiritus.cu\/es\/wp-json\/wp\/v2\/types\/post"}],"author":[{"embeddable":true,"href":"https:\/\/www.radiosanctispiritus.cu\/es\/wp-json\/wp\/v2\/users\/15"}],"replies":[{"embeddable":true,"href":"https:\/\/www.radiosanctispiritus.cu\/es\/wp-json\/wp\/v2\/comments?post=21012"}],"version-history":[{"count":0,"href":"https:\/\/www.radiosanctispiritus.cu\/es\/wp-json\/wp\/v2\/posts\/21012\/revisions"}],"wp:featuredmedia":[{"embeddable":true,"href":"https:\/\/www.radiosanctispiritus.cu\/es\/wp-json\/wp\/v2\/media\/21017"}],"wp:attachment":[{"href":"https:\/\/www.radiosanctispiritus.cu\/es\/wp-json\/wp\/v2\/media?parent=21012"}],"wp:term":[{"taxonomy":"category","embeddable":true,"href":"https:\/\/www.radiosanctispiritus.cu\/es\/wp-json\/wp\/v2\/categories?post=21012"},{"taxonomy":"post_tag","embeddable":true,"href":"https:\/\/www.radiosanctispiritus.cu\/es\/wp-json\/wp\/v2\/tags?post=21012"},{"taxonomy":"author","embeddable":true,"href":"https:\/\/www.radiosanctispiritus.cu\/es\/wp-json\/wp\/v2\/coauthors?post=21012"}],"curies":[{"name":"wp","href":"https:\/\/api.w.org\/{rel}","templated":true}]}}