{"id":20759,"date":"2024-01-09T16:09:38","date_gmt":"2024-01-09T21:09:38","guid":{"rendered":"https:\/\/www.radiosanctispiritus.cu\/es\/?p=20759"},"modified":"2024-01-09T18:45:42","modified_gmt":"2024-01-09T23:45:42","slug":"roberto-jimenez-tormes-maestro-de-vocacion-y-entrega","status":"publish","type":"post","link":"https:\/\/www.radiosanctispiritus.cu\/es\/roberto-jimenez-tormes-maestro-de-vocacion-y-entrega\/","title":{"rendered":"Roberto Jim\u00e9nez Tormes, maestro de vocaci\u00f3n y entrega"},"content":{"rendered":"<p>No puede hablarse de la Historia de la M\u00fasica Espirituana sin mencionar al maestro Roberto Jim\u00e9nez.<\/p>\n<p>Excelente m\u00fasico y pedagogo, su liderazgo en agrupaciones como el Tr\u00edo Los Villas, el Quinteto de Roberto y el Tr\u00edo Miraflores, adem\u00e1s de su magisterio al crear la Orquesta Espirituana de Cuerdas lo sit\u00faan en un sitial de honor de nuestra identidad cultural.<\/p>\n<p>En su brillante carrera Roberto Jim\u00e9nez grab\u00f3 discos y actu\u00f3 en importantes espect\u00e1culos de la radio y la \u00a0televisi\u00f3n. Ostentaba, \u00a0entre otros reconocimientos, \u00a0la Orden por la Cultura Nacional.<\/p>\n<p>Hombre modesto y desprendido no existe tr\u00edo del patio que no haya contado con su colaboraci\u00f3n y su experiencia para perfilar un mejor sonido y repertorio. Su confianza en los j\u00f3venes y su dedicaci\u00f3n a formarlos es proverbial.<\/p>\n<p>La M\u00fasica Espirituana le agradece, maestro, su vocaci\u00f3n y entrega.<\/p>\n","protected":false},"excerpt":{"rendered":"<p>No puede hablarse de la Historia de la M\u00fasica Espirituana sin mencionar al maestro Roberto Jim\u00e9nez. Excelente m\u00fasico y pedagogo, su liderazgo en agrupaciones como el Tr\u00edo Los Villas, el Quinteto de Roberto y el Tr\u00edo Miraflores, adem\u00e1s de su magisterio al crear la Orquesta Espirituana de Cuerdas lo sit\u00faan en un sitial de honor [&hellip;]<\/p>\n","protected":false},"author":163,"featured_media":20760,"comment_status":"open","ping_status":"open","sticky":false,"template":"","format":"standard","meta":{"_acf_changed":false,"footnotes":""},"categories":[1023],"tags":[],"coauthors":[],"class_list":["post-20759","post","type-post","status-publish","format-standard","has-post-thumbnail","hentry","category-el-balcon-del-soto"],"acf":[],"_links":{"self":[{"href":"https:\/\/www.radiosanctispiritus.cu\/es\/wp-json\/wp\/v2\/posts\/20759","targetHints":{"allow":["GET"]}}],"collection":[{"href":"https:\/\/www.radiosanctispiritus.cu\/es\/wp-json\/wp\/v2\/posts"}],"about":[{"href":"https:\/\/www.radiosanctispiritus.cu\/es\/wp-json\/wp\/v2\/types\/post"}],"author":[{"embeddable":true,"href":"https:\/\/www.radiosanctispiritus.cu\/es\/wp-json\/wp\/v2\/users\/163"}],"replies":[{"embeddable":true,"href":"https:\/\/www.radiosanctispiritus.cu\/es\/wp-json\/wp\/v2\/comments?post=20759"}],"version-history":[{"count":0,"href":"https:\/\/www.radiosanctispiritus.cu\/es\/wp-json\/wp\/v2\/posts\/20759\/revisions"}],"wp:featuredmedia":[{"embeddable":true,"href":"https:\/\/www.radiosanctispiritus.cu\/es\/wp-json\/wp\/v2\/media\/20760"}],"wp:attachment":[{"href":"https:\/\/www.radiosanctispiritus.cu\/es\/wp-json\/wp\/v2\/media?parent=20759"}],"wp:term":[{"taxonomy":"category","embeddable":true,"href":"https:\/\/www.radiosanctispiritus.cu\/es\/wp-json\/wp\/v2\/categories?post=20759"},{"taxonomy":"post_tag","embeddable":true,"href":"https:\/\/www.radiosanctispiritus.cu\/es\/wp-json\/wp\/v2\/tags?post=20759"},{"taxonomy":"author","embeddable":true,"href":"https:\/\/www.radiosanctispiritus.cu\/es\/wp-json\/wp\/v2\/coauthors?post=20759"}],"curies":[{"name":"wp","href":"https:\/\/api.w.org\/{rel}","templated":true}]}}