{"id":20558,"date":"2024-01-02T12:09:56","date_gmt":"2024-01-02T17:09:56","guid":{"rendered":"https:\/\/www.radiosanctispiritus.cu\/es\/?p=20558"},"modified":"2024-01-12T17:09:07","modified_gmt":"2024-01-12T22:09:07","slug":"pariente","status":"publish","type":"post","link":"https:\/\/www.radiosanctispiritus.cu\/es\/pariente\/","title":{"rendered":"\u00a1Pariente!!!!!"},"content":{"rendered":"<p>Hoy Ren\u00e9 de la Cruz celebrar\u00eda su cumplea\u00f1os 93.<\/p>\n<p>Como es de suponer no hablar\u00e9 del Ren\u00e9 de la Cruz actor. Sobran personas y criterios especializados para referirse a esta faceta de su vida.<\/p>\n<p>Lo conoc\u00ed hace muchos a\u00f1os: Yo era un adolescente, estudiante de una escuela de arte \u00a0y \u00e9l uno de los mejores actores de Cuba.<\/p>\n<p>Lo conoc\u00ed por su hijo Renecito, estudi\u00e1bamos juntos y pronto hicimos amistad, hasta el punto de que yo, guajiro espirituano, reci\u00e9n llegado a la capital, encontr\u00e9 en la casa habanera de los Cruz cari\u00f1o y cobija.<\/p>\n<p>Ren\u00e9 de la Cruz padre era mi coterr\u00e1neo y en las noches de tertulia familiar yo asist\u00eda maravillado a sus historias de un Sancti Spiritus desconocido para m\u00ed, donde \u00e9l hab\u00eda sido planchador y un buscavidas al que no le pasaba por la mente llegar a convertirse en una figura p\u00fablica, respetada y querida.<\/p>\n<p>Ren\u00e9 profesaba lecciones de humildad, era un actor natural que hac\u00eda con facilidad cualquier personaje, con econom\u00eda de recursos, sin aspavientos ni trucos de far\u00e1ndula.<\/p>\n<p>No s\u00e9 cuando estudiaba, c\u00f3mo preparaba un personaje\u2026tanto no s\u00e9\u2026 pero, \u00a0de solo mirar a la c\u00e1mara o al p\u00fablico se estaba en presencia de un actor de pies a cabeza, que hab\u00eda aprendido actuando.<\/p>\n<p>Ven\u00eda de recorrer todos los caminos y sab\u00eda vivir con autenticidad, sentarse en una acera, saludar amistoso, tomarse un trago y m\u00e1s de uno, hacer un chiste sobrellevando el asedio de sus admiradores como algo inmerecido, casi con timidez.<\/p>\n<p>La frase con que se anunciaba: \u201cParieeeeente\u201d -que hizo famoso su personaje Julito el Pescador y que dec\u00eda con chispa en los ojos y voz estent\u00f3rea, era como una sonrisa amistosa, una mano c\u00e1lida que le abr\u00eda las puertas de la confianza.<\/p>\n<p>Siempre am\u00f3 a Sancti Spiritus y volv\u00eda regularmente a recorrer sus calles con su inseparable amigo Juan Garc\u00eda y con muchos otros a los que permaneci\u00f3 fiel.<\/p>\n<p>Por esos d\u00edas era el jolgorio, como si mejorase su maltrecha salud mientras adoptaba un aire feliz que contagiaba a todos.<\/p>\n<p>En cada mes de julio, como si viajase a la semilla, asist\u00eda al Santiago Espirituano. Era su gran fiesta y la fiesta de todos lo que le quer\u00edamos. Desandaba las calles de la ciudad y era un personaje m\u00e1s, de los que animaban las noches y las madrugadas. Ve\u00eda el amanecer agasajado por la m\u00fasica de los tr\u00edos y su barrio, donde vivi\u00f3, se vest\u00eda de gala para recibirlo.<\/p>\n<p>An\u00e9cdotas hay cientos; porque Ren\u00e9 es tambi\u00e9n una leyenda: Desenfadado prefer\u00eda la invitaci\u00f3n de un amigo, el plato sencillo, el ron m\u00e1s modesto y sincero a los protocolos oficiales, los homenajes y las lisonjas.<\/p>\n<p>Los que lo conocimos nos acostumbramos a sus exabruptos, su verbo descarnado y su cari\u00f1o, que a veces no lo parec\u00eda, por esa lengua dura, como si se defendiera, como si no se entregara totalmente, como si marchara a contracorriente de su coraz\u00f3n y sus sentimientos.<\/p>\n<p>Pienso que esa misma entrega con que actu\u00f3 debe haberla empleado alisando pantalones. Con Ren\u00e9 de la Cruz no hab\u00eda medias tintas: Se entregaba en cuerpo y alma a todo lo que hac\u00eda.<\/p>\n<p>Vivi\u00f3 con intensidad como si tuviese la premonici\u00f3n de que los grandes nos abandonan pronto, dejando su recuerdo.<\/p>\n<p>Por all\u00ed anda su imagen, en el celuloide \u00a0y la de carne y hueso que no se borrar\u00e1 nunca, vive a\u00fan en la piel de sus personajes: de pescador, de guajiro del Escambray, de Mat\u00edas P\u00e9rez, de cubano dicharachero y jodedor. Todav\u00eda en nosotros resuena el eco de su voz c\u00e1lida: \u201cParieeeeente\u201d\u2026.<\/p>\n","protected":false},"excerpt":{"rendered":"<p>Este 2 de enero Ren\u00e9 de la Cruz celebrar\u00eda su cumplea\u00f1os 93.<\/p>\n","protected":false},"author":163,"featured_media":20560,"comment_status":"open","ping_status":"open","sticky":false,"template":"","format":"standard","meta":{"_acf_changed":false,"footnotes":""},"categories":[1023,12],"tags":[],"coauthors":[],"class_list":["post-20558","post","type-post","status-publish","format-standard","has-post-thumbnail","hentry","category-el-balcon-del-soto","category-sugerencia"],"acf":[],"_links":{"self":[{"href":"https:\/\/www.radiosanctispiritus.cu\/es\/wp-json\/wp\/v2\/posts\/20558","targetHints":{"allow":["GET"]}}],"collection":[{"href":"https:\/\/www.radiosanctispiritus.cu\/es\/wp-json\/wp\/v2\/posts"}],"about":[{"href":"https:\/\/www.radiosanctispiritus.cu\/es\/wp-json\/wp\/v2\/types\/post"}],"author":[{"embeddable":true,"href":"https:\/\/www.radiosanctispiritus.cu\/es\/wp-json\/wp\/v2\/users\/163"}],"replies":[{"embeddable":true,"href":"https:\/\/www.radiosanctispiritus.cu\/es\/wp-json\/wp\/v2\/comments?post=20558"}],"version-history":[{"count":0,"href":"https:\/\/www.radiosanctispiritus.cu\/es\/wp-json\/wp\/v2\/posts\/20558\/revisions"}],"wp:featuredmedia":[{"embeddable":true,"href":"https:\/\/www.radiosanctispiritus.cu\/es\/wp-json\/wp\/v2\/media\/20560"}],"wp:attachment":[{"href":"https:\/\/www.radiosanctispiritus.cu\/es\/wp-json\/wp\/v2\/media?parent=20558"}],"wp:term":[{"taxonomy":"category","embeddable":true,"href":"https:\/\/www.radiosanctispiritus.cu\/es\/wp-json\/wp\/v2\/categories?post=20558"},{"taxonomy":"post_tag","embeddable":true,"href":"https:\/\/www.radiosanctispiritus.cu\/es\/wp-json\/wp\/v2\/tags?post=20558"},{"taxonomy":"author","embeddable":true,"href":"https:\/\/www.radiosanctispiritus.cu\/es\/wp-json\/wp\/v2\/coauthors?post=20558"}],"curies":[{"name":"wp","href":"https:\/\/api.w.org\/{rel}","templated":true}]}}