{"id":20440,"date":"2024-01-02T07:10:52","date_gmt":"2024-01-02T12:10:52","guid":{"rendered":"https:\/\/www.radiosanctispiritus.cu\/es\/?p=20440"},"modified":"2023-12-29T12:15:38","modified_gmt":"2023-12-29T17:15:38","slug":"el-presagio-de-fidel","status":"publish","type":"post","link":"https:\/\/www.radiosanctispiritus.cu\/es\/el-presagio-de-fidel\/","title":{"rendered":"El presagio de Fidel"},"content":{"rendered":"<p>Nunca antes el mes de diciembre hab\u00eda sido tan rebelde como aquel de 1958. Porque lo dictaba la ofensiva guerrillera desatada por las fuerzas del Ej\u00e9rcito Rebelde, al mando de Fidel, contra la dictadura batistiana, poco a poco la libertad baj\u00f3 de las monta\u00f1as; poco a poco en pueblos y ciudades la bandera cubana sali\u00f3 a ondear en balcones y fachadas de las casas. Por fin, ondeaba la Revoluci\u00f3n en las calles.<\/p>\n<p>En aquel enero de 1959, los guerrilleros, con el alma mambisa tatuada en el pecho, s\u00ed entraron a Santiago de Cuba. Lo advert\u00eda Fidel en memorable discurso, frente a los miles de cubanos y cubanas concentradas en el parque C\u00e9spedes.<\/p>\n<p>Fidel no hab\u00eda volteado las p\u00e1ginas de la historia. Sab\u00eda de la indignaci\u00f3n del Mayor General Calixto Garc\u00eda y del resto del Ej\u00e9rcito Libertador, a quienes el General estadounidense Shafter les impidi\u00f3 que hicieran uso del derecho, ganado a machete, de entrar a Santiago de Cuba en julio de 1898, despu\u00e9s de 30 a\u00f1os de pelea contra el colonialismo espa\u00f1ol.<\/p>\n<p>En enero de 1959, el Gobierno de Estados Unidos deliraba, so\u00f1aba. Cuba continuaba siendo la fruta, que no acababa de madurar. En consecuencia, tram\u00f3 m\u00e1s de un golpe bajo al ver que la Revoluci\u00f3n amanec\u00eda en cada pedazo de la isla. Estratega como el que m\u00e1s, Fidel llam\u00f3 a la huelga general; al final, acci\u00f3n demoledora contra toda intentona de golpe de Estado. Sobre esas verdades alert\u00f3 el primero de enero de 1959, desde el balc\u00f3n del entonces Ayuntamiento de Santiago de Cuba.<\/p>\n<p>Horas despu\u00e9s, el 2 de enero Fidel y su Caravana de la Libertad partieron de la heroica ciudad con destino a La Habana. Y en el trayecto, el l\u00edder plant\u00f3 una tribuna, donde le result\u00f3 posible. Su voz ya no fue tan l\u00edmpida por tanta voz lanzada al aire, por tanta explicaci\u00f3n. Al pueblo hab\u00eda que decirle la verdad: hacer la Revoluci\u00f3n no era un frotarse las manos y punto.<\/p>\n<p>Con otras palabras, se lo esclareci\u00f3 a los espirituanos, en la madrugada del 6 de enero desde uno de los balcones de la otrora Sociedad de Instrucci\u00f3n y Recreo El Progreso. A la vuelta de 65 a\u00f1os, la realidad certifica el presagio, la certeza del Guerrillero del tiempo.<\/p>\n","protected":false},"excerpt":{"rendered":"<p>A la vuelta de 65 a\u00f1os, la realidad certifica el presagio del Guerrillero del tiempo.<\/p>\n","protected":false},"author":10,"featured_media":20441,"comment_status":"open","ping_status":"open","sticky":false,"template":"","format":"standard","meta":{"_acf_changed":false,"footnotes":""},"categories":[1],"tags":[],"coauthors":[],"class_list":["post-20440","post","type-post","status-publish","format-standard","has-post-thumbnail","hentry","category-sancti-spiritus"],"acf":[],"_links":{"self":[{"href":"https:\/\/www.radiosanctispiritus.cu\/es\/wp-json\/wp\/v2\/posts\/20440","targetHints":{"allow":["GET"]}}],"collection":[{"href":"https:\/\/www.radiosanctispiritus.cu\/es\/wp-json\/wp\/v2\/posts"}],"about":[{"href":"https:\/\/www.radiosanctispiritus.cu\/es\/wp-json\/wp\/v2\/types\/post"}],"author":[{"embeddable":true,"href":"https:\/\/www.radiosanctispiritus.cu\/es\/wp-json\/wp\/v2\/users\/10"}],"replies":[{"embeddable":true,"href":"https:\/\/www.radiosanctispiritus.cu\/es\/wp-json\/wp\/v2\/comments?post=20440"}],"version-history":[{"count":0,"href":"https:\/\/www.radiosanctispiritus.cu\/es\/wp-json\/wp\/v2\/posts\/20440\/revisions"}],"wp:featuredmedia":[{"embeddable":true,"href":"https:\/\/www.radiosanctispiritus.cu\/es\/wp-json\/wp\/v2\/media\/20441"}],"wp:attachment":[{"href":"https:\/\/www.radiosanctispiritus.cu\/es\/wp-json\/wp\/v2\/media?parent=20440"}],"wp:term":[{"taxonomy":"category","embeddable":true,"href":"https:\/\/www.radiosanctispiritus.cu\/es\/wp-json\/wp\/v2\/categories?post=20440"},{"taxonomy":"post_tag","embeddable":true,"href":"https:\/\/www.radiosanctispiritus.cu\/es\/wp-json\/wp\/v2\/tags?post=20440"},{"taxonomy":"author","embeddable":true,"href":"https:\/\/www.radiosanctispiritus.cu\/es\/wp-json\/wp\/v2\/coauthors?post=20440"}],"curies":[{"name":"wp","href":"https:\/\/api.w.org\/{rel}","templated":true}]}}