{"id":20341,"date":"2023-12-27T05:00:58","date_gmt":"2023-12-27T10:00:58","guid":{"rendered":"https:\/\/www.radiosanctispiritus.cu\/es\/?p=20341"},"modified":"2023-12-27T05:00:58","modified_gmt":"2023-12-27T10:00:58","slug":"cabaiguan-se-inserta-en-el-ensayo-clinico-para-el-tratamiento-del-alzheimer","status":"publish","type":"post","link":"https:\/\/www.radiosanctispiritus.cu\/es\/cabaiguan-se-inserta-en-el-ensayo-clinico-para-el-tratamiento-del-alzheimer\/","title":{"rendered":"Cabaiguan se inserta en el ensayo cl\u00ednico para el tratamiento del Alzheimer"},"content":{"rendered":"<p>Cabaigu\u00e1n logr\u00f3 insertarse en la implementaci\u00f3n del ensayo cl\u00ednico \u201cEvaluaci\u00f3n de la eficacia y seguridad de la administraci\u00f3n de Neuralcim en pacientes con enfermedad de Alzheimer leve o moderado\u201d, estudio que dio inicio en el primer semestre de este 2023 y se extender\u00e1 por dos a\u00f1os.<\/p>\n<audio class=\"wp-audio-shortcode\" id=\"audio-20341-1\" preload=\"none\" style=\"width: 100%;\" controls=\"controls\"><source type=\"audio\/mpeg\" src=\"https:\/\/www.ivoox.com\/cabaiguan-se-inserta-ensayo-clinico-para_md_121743451_wp_1.mp3?_=1\" \/><a href=\"https:\/\/www.ivoox.com\/cabaiguan-se-inserta-ensayo-clinico-para_md_121743451_wp_1.mp3\" target=\"_blank\" rel=\"noopener\">https:\/\/www.ivoox.com\/cabaiguan-se-inserta-ensayo-clinico-para_md_121743451_wp_1.mp3<\/a><\/audio>\n<p>Luego de la aplicaci\u00f3n de varias pruebas y t\u00e9cnicas seg\u00fan requer\u00eda el estudio a pacientes que cumpl\u00edan los requisitos de inclusi\u00f3n, finalmente fueron seleccionados tres cabaiguanenses, quienes, junto a los representantes de los restantes municipios de la provincia espirituana, permiten el avance de este ejercicio investigativo para poner a prueba el citado novedoso medicamento.<\/p>\n<p>La Doctora Elizabeth Garc\u00eda P\u00e9rez, Especialista en Geriatr\u00eda y\u00a0<a class=\"rank-math-link\" href=\"https:\/\/www.ecured.cu\/Gerontolog%C3%ADa\" target=\"_blank\" rel=\"noopener noreferrer nofollow\">Gerontolog\u00eda<\/a>\u00a0al frente de la Consulta de Memoria que funciona en la Sala de Rehabilitaci\u00f3n del Policl\u00ednico I Faustino P\u00e9rez Hern\u00e1ndez, abunda en la tem\u00e1tica: \u201cEl proyecto avanza y se espera que tenga resultados satisfactorios. En Cabaigu\u00e1n hay tres pacientes que est\u00e1n dentro de la muestra seleccionada y despu\u00e9s de estos dos a\u00f1os de prueba el mencionado medicamento se vender\u00e1 en las instituciones de salud para poder ser suministrados por las personas que comiencen con esta enfermedad\u201d.<\/p>\n<p>En marzo del pasado a\u00f1o el f\u00e1rmaco Neuralcim que ayudar\u00e1 a combatir el Alzheimer en su estad\u00edo leve o moderado, obtuvo el registro sanitario por el Centro para el Control Estatal de Medicamentos, Equipos y Dispositivos M\u00e9dicos.<\/p>\n<p>Una vez concluya el estudio y este medicamento ya sea avalado para su uso contribuir\u00e1 al mejoramiento en los \u00edndices de deterioro cognitivo y a detener la progresi\u00f3n de la dolencia en las personas aquejadas por esta enfermedad progresiva que afecta la memoria y las funciones mentales.<\/p>\n","protected":false},"excerpt":{"rendered":"<p>Cabaigu\u00e1n logr\u00f3 insertarse en la implementaci\u00f3n del ensayo cl\u00ednico \u201cEvaluaci\u00f3n de la eficacia y seguridad de la administraci\u00f3n de Neuralcim en pacientes con enfermedad de Alzheimer leve o moderado\u201d, estudio que dio inicio en el primer semestre de este 2023 y se extender\u00e1 por dos a\u00f1os. Luego de la aplicaci\u00f3n de varias pruebas y t\u00e9cnicas [&hellip;]<\/p>\n","protected":false},"author":150,"featured_media":20342,"comment_status":"open","ping_status":"open","sticky":false,"template":"","format":"standard","meta":{"_acf_changed":false,"footnotes":""},"categories":[9,5],"tags":[],"coauthors":[],"class_list":["post-20341","post","type-post","status-publish","format-standard","has-post-thumbnail","hentry","category-en-audio","category-salud"],"acf":[],"_links":{"self":[{"href":"https:\/\/www.radiosanctispiritus.cu\/es\/wp-json\/wp\/v2\/posts\/20341","targetHints":{"allow":["GET"]}}],"collection":[{"href":"https:\/\/www.radiosanctispiritus.cu\/es\/wp-json\/wp\/v2\/posts"}],"about":[{"href":"https:\/\/www.radiosanctispiritus.cu\/es\/wp-json\/wp\/v2\/types\/post"}],"author":[{"embeddable":true,"href":"https:\/\/www.radiosanctispiritus.cu\/es\/wp-json\/wp\/v2\/users\/150"}],"replies":[{"embeddable":true,"href":"https:\/\/www.radiosanctispiritus.cu\/es\/wp-json\/wp\/v2\/comments?post=20341"}],"version-history":[{"count":0,"href":"https:\/\/www.radiosanctispiritus.cu\/es\/wp-json\/wp\/v2\/posts\/20341\/revisions"}],"wp:featuredmedia":[{"embeddable":true,"href":"https:\/\/www.radiosanctispiritus.cu\/es\/wp-json\/wp\/v2\/media\/20342"}],"wp:attachment":[{"href":"https:\/\/www.radiosanctispiritus.cu\/es\/wp-json\/wp\/v2\/media?parent=20341"}],"wp:term":[{"taxonomy":"category","embeddable":true,"href":"https:\/\/www.radiosanctispiritus.cu\/es\/wp-json\/wp\/v2\/categories?post=20341"},{"taxonomy":"post_tag","embeddable":true,"href":"https:\/\/www.radiosanctispiritus.cu\/es\/wp-json\/wp\/v2\/tags?post=20341"},{"taxonomy":"author","embeddable":true,"href":"https:\/\/www.radiosanctispiritus.cu\/es\/wp-json\/wp\/v2\/coauthors?post=20341"}],"curies":[{"name":"wp","href":"https:\/\/api.w.org\/{rel}","templated":true}]}}