{"id":20064,"date":"2023-12-20T06:56:39","date_gmt":"2023-12-20T11:56:39","guid":{"rendered":"https:\/\/www.radiosanctispiritus.cu\/es\/?p=20064"},"modified":"2023-12-20T06:56:39","modified_gmt":"2023-12-20T11:56:39","slug":"la-revista-hero","status":"publish","type":"post","link":"https:\/\/www.radiosanctispiritus.cu\/es\/la-revista-hero\/","title":{"rendered":"La revista HERO"},"content":{"rendered":"<p>Sancti Spiritus cont\u00f3 en el Siglo XX, con una revista cultural de alcance Latinoamericano. La Revista <strong>HERO<\/strong>, vio la luz por vez primera el 20 de Diciembre de 1907 y en su editorial de presentaci\u00f3n dejaba claro que \u201cNo era una Revista que respond\u00eda a\u00a0 impulsos sino al esp\u00edritu de cultura del pueblo espirituano\u201d.<\/p>\n<p>De inmediato la Revista <strong>HERO <\/strong>recibi\u00f3 el respaldo del culto pueblo de la Villa, y su Director, Anastasio Fern\u00e1ndez Morera, cont\u00f3 con la ayuda desinteresada de m\u00e1s de una instituci\u00f3n de la ciudad. Fue realmente excepcional que en aquellos tiempos, en que la cultura no contaba pr\u00e1cticamente con ning\u00fan apoyo oficial, un proyecto editorial como aquel pudiese sobrevivir.<\/p>\n<p>Seg\u00fan la investigadora Mait\u00e9 Garc\u00eda D\u00edaz, en su trabajo \u201cLa\u00a0 revista\u00a0 espirituana Hero:\u00a0 acercamiento\u00a0 a\u00a0 las caracter\u00edsticas\u00a0 principales de\u00a0 su\u00a0 primera\u00a0 \u00e9poca(1907-1908) publicado en el n\u00famero 59 de la Revista Islas (Enero\u2013Marzo de 2017) asevera:<\/p>\n<p>\u201cEsta revista tuvo la oportunidad, como ning\u00fan otro peri\u00f3dico revista\u00a0 de\u00a0 la\u00a0 \u00e9poca,\u00a0 de\u00a0 servir\u00a0 a\u00a0 sus\u00a0 coterr\u00e1neos\u00a0 como\u00a0 escudo ante la ruda y cambiante realidad de inicios del siglo XX. Intent\u00f3 hacer germinar la cultura, el intelecto y los buenos valores en el pueblo espirituano; a\u00fan m\u00e1s, Hero, en su noble empe\u00f1o de alejar a su pueblo de la agridez epocal en que surgiera, supo y pudo servir\u00a0 como\u00a0 espejo\u00a0 de\u00a0 los\u00a0 acontecimientos\u00a0 de\u00a0 entonces,\u00a0 como cuadro\u00a0 de\u00a0 costumbres\u00a0 de\u00a0 aquella\u00a0 villa\u00a0 yayabera\u201d<\/p>\n<p>La Revista HERO abarc\u00f3 todo el \u00e1mbito Latinoamericano y prestigiosos escritores del Continente como Juan de Dios Peza, Gabriela Mistral y Rub\u00e9n Dar\u00edo fueron publicados a orillas del Yayabo. De igual modo los escritores del pa\u00eds y de la Villa encontraron en estas p\u00e1ginas el veh\u00edculo ideal para promover sus obras entre \u00e1vidos lectores.<\/p>\n<p>En varios n\u00fameros sucesivos la Revista HERO puso de manifiesto la vida literaria de Sancti Spiritus y sus p\u00e1ginas acogieron lo m\u00e1s selecto de la cultura, adem\u00e1s de divulgar otros eventos de \u00edndole social.<\/p>\n<p>Un cuidadoso dise\u00f1o, calidad en el formato y en los textos que publicaba caracterizaron a esta revista, que tambi\u00e9n fue reconocida por los m\u00e1s prestigiosos c\u00edrculos intelectuales de nuestro pa\u00eds. En aquel momento se recibi\u00f3 con asombro como una peque\u00f1a ciudad era capaz de enfrentar exitosamente tal proyecto cultural.<\/p>\n<p>La Revista HERO constituye uno de los acontecimientos sociales m\u00e1s relevantes de nuestra ciudad en el siglo\u00a0 pasado.<\/p>\n<p>La publicaci\u00f3n puso de manifiesto ante el mundo la profunda vocaci\u00f3n cultural de los espirituanos y que un sue\u00f1o de tal magnitud no era exclusivo de las grandes urbes.<\/p>\n<p>Cuando dej\u00f3 de publicarse, en el a\u00f1o\u00a0 1913, la revista Hero dej\u00f3 un inmenso vac\u00edo en las letras del patio, solo cubierto muchos a\u00f1os despu\u00e9s por la Editorial Luminaria, que se ha encargado de continuar publicando a los escritores espirituanos.<\/p>\n<p>Hoy Hero, como homenaje a la famosa revista, es el nombre del\u00a0Portal de la\u00a0<a href=\"https:\/\/www.ecured.cu\/Cultura\" target=\"_blank\" rel=\"noopener noreferrer nofollow\">Cultura<\/a>\u00a0Espirituana en Internet, en \u00e9l se aborda el acontecer diario de los artistas y creadores. Su nombre se remonta a la tradici\u00f3n ilustrada de la familia Fern\u00e1ndez Morera.<\/p>\n<p>&nbsp;<\/p>\n<p>&nbsp;<\/p>\n","protected":false},"excerpt":{"rendered":"<p>Sancti Spiritus cont\u00f3 en el Siglo XX, con una revista cultural de alcance Latinoamericano. La Revista HERO vio la luz por vez primera el 20 de Diciembre de 1907 y constituye uno de los acontecimientos sociales m\u00e1s relevantes de nuestra ciudad en el siglo  pasado. <\/p>\n","protected":false},"author":163,"featured_media":6422,"comment_status":"open","ping_status":"open","sticky":false,"template":"","format":"standard","meta":{"_acf_changed":false,"footnotes":""},"categories":[1023,12],"tags":[],"coauthors":[],"class_list":["post-20064","post","type-post","status-publish","format-standard","has-post-thumbnail","hentry","category-el-balcon-del-soto","category-sugerencia"],"acf":[],"_links":{"self":[{"href":"https:\/\/www.radiosanctispiritus.cu\/es\/wp-json\/wp\/v2\/posts\/20064","targetHints":{"allow":["GET"]}}],"collection":[{"href":"https:\/\/www.radiosanctispiritus.cu\/es\/wp-json\/wp\/v2\/posts"}],"about":[{"href":"https:\/\/www.radiosanctispiritus.cu\/es\/wp-json\/wp\/v2\/types\/post"}],"author":[{"embeddable":true,"href":"https:\/\/www.radiosanctispiritus.cu\/es\/wp-json\/wp\/v2\/users\/163"}],"replies":[{"embeddable":true,"href":"https:\/\/www.radiosanctispiritus.cu\/es\/wp-json\/wp\/v2\/comments?post=20064"}],"version-history":[{"count":0,"href":"https:\/\/www.radiosanctispiritus.cu\/es\/wp-json\/wp\/v2\/posts\/20064\/revisions"}],"wp:featuredmedia":[{"embeddable":true,"href":"https:\/\/www.radiosanctispiritus.cu\/es\/wp-json\/wp\/v2\/media\/6422"}],"wp:attachment":[{"href":"https:\/\/www.radiosanctispiritus.cu\/es\/wp-json\/wp\/v2\/media?parent=20064"}],"wp:term":[{"taxonomy":"category","embeddable":true,"href":"https:\/\/www.radiosanctispiritus.cu\/es\/wp-json\/wp\/v2\/categories?post=20064"},{"taxonomy":"post_tag","embeddable":true,"href":"https:\/\/www.radiosanctispiritus.cu\/es\/wp-json\/wp\/v2\/tags?post=20064"},{"taxonomy":"author","embeddable":true,"href":"https:\/\/www.radiosanctispiritus.cu\/es\/wp-json\/wp\/v2\/coauthors?post=20064"}],"curies":[{"name":"wp","href":"https:\/\/api.w.org\/{rel}","templated":true}]}}