{"id":20017,"date":"2023-12-18T17:56:18","date_gmt":"2023-12-18T22:56:18","guid":{"rendered":"https:\/\/www.radiosanctispiritus.cu\/es\/?p=20017"},"modified":"2023-12-18T23:57:00","modified_gmt":"2023-12-19T04:57:00","slug":"sostiene-presidente-cubano-encuentro-con-titular-del-consejo-mundial-de-iglesias","status":"publish","type":"post","link":"https:\/\/www.radiosanctispiritus.cu\/es\/sostiene-presidente-cubano-encuentro-con-titular-del-consejo-mundial-de-iglesias\/","title":{"rendered":"Sostiene presidente cubano encuentro con titular del Consejo Mundial de Iglesias"},"content":{"rendered":"<p>Enf\u00e1tica gratitud por su visita oficial a la Mayor de las Antillas, y una c\u00e1lida bienvenida extendi\u00f3 este lunes el Primer Secretario del Comit\u00e9 Central del Partido Comunista y Presidente de la Rep\u00fablica de Cuba, Miguel D\u00edaz-Canel Berm\u00fadez, al secretario general del Consejo Mundial de Iglesias (CMI), Reverendo Dr. Jerry Pillay.<\/p>\n<p>En el capitalino Palacio de las Convenciones -desde donde este lunes comenz\u00f3 el Segundo Per\u00edodo Ordinario de Sesiones de la Asamblea Nacional del Poder Popular en su X Legislatura-, el Jefe de Estado hizo espacio, al filo del mediod\u00eda, para conversar con el importante l\u00edder religioso, a quien dijo: \u201cS\u00e9 que ha tenido un programa intenso de visita, compartiendo con el Consejo de Iglesias de Cuba\u201d.<\/p>\n<p>D\u00edaz-Canel Berm\u00fadez expres\u00f3 al Reverendo que el encuentro, \u201cpara nosotros,tiene como significaci\u00f3n que le da continuidad\u201d a otros ya sostenidos, y tambi\u00e9n al que tuvo lugar recientemente en Nueva York. \u201cPara nosotros -valor\u00f3 el dignatario- es una expresi\u00f3n de todo el apoyo, de toda la sensibilidad que tienen ustedes sobre las problem\u00e1ticas del pueblo cubano\u201d.<\/p>\n<p>Como un \u201checho que nos da fuerza, nos da energ\u00eda, y nos permite que ustedes vean en su verdadera magnitud todas las problem\u00e1ticas que tenemos\u201d, calific\u00f3 el mandatario esta visita que se produce -subray\u00f3 el Jefe de Estado al secretario general del CMI- en un momento de complejidades para el pa\u00eds caribe\u00f1o.<\/p>\n<p>\u201cAqu\u00ed estamos. Con bloqueo recrudecido, pero aqu\u00ed estamos\u201d, resalt\u00f3 el Presidente cubano, quien adem\u00e1s detall\u00f3 al visitante: \u201cY ahora, en medio de una Asamblea Nacional que comenz\u00f3 hoy, donde vamos a discutir tambi\u00e9n posibles salidas a esta situaci\u00f3n. Que no son salidas m\u00e1gicas -todas tienen complejidad, tienen riesgo-,pero esun camino que tenemos que transitar para poder ir corrigiendo distorsiones, problem\u00e1ticas\u201d.<\/p>\n<p>El dignatario reflexion\u00f3 que tal camino deber\u00e1 emprenderse \u201csobre la base de que la principal incidencia en nuestros problemas la tiene el bloqueo\u201d. Es una causa, dijo, que \u201cno la podemos quitar porque no depende de nosotros\u201d, y a pesar de la cual \u201chay que trabajar en las dem\u00e1s cosas\u201d.<\/p>\n<p>Por su parte el Reverendo Dr. Jerry Pillay dio gracias al mandatario; y enunci\u00f3: \u201cEs una alegr\u00eda y un privilegio estar aqu\u00ed hoy con usted. Esta es mi segunda visita a Cuba, y una vez m\u00e1s hemos sido tratados maravillosamente\u201d.<\/p>\n<p>El l\u00edder religioso coment\u00f3 que esta es la primera vez en que llega a la naci\u00f3n caribe\u00f1a en condici\u00f3n de secretario general del CMI. \u201cMuchas gracias, dijo, por reconocer el papel que hemos estado desempe\u00f1ando en el apoyo que hemos dado a Cuba en todas sus luchas\u201d.Y seguidamente enfatiz\u00f3: \u201cMe da mucha alegr\u00eda saber que el CMI, durante todos estos a\u00f1os, ha estado siempre al lado de Cuba, en apoyo a sus luchas\u201d.<\/p>\n<p>El Reverendo habl\u00f3 de cu\u00e1n expl\u00edcitos ellos han sido. Lo dijo \u201cen cuanto a nuestra posici\u00f3n en contra del bloqueo. Y no solamente hemos estado en contra del bloqueo: tambi\u00e9n nos hemos opuesto a la inclusi\u00f3n de Cuba en la lista de pa\u00edses que auspician el terrorismo\u201d.<\/p>\n<p>\u201cVenir aqu\u00ed a Cuba y experimentar lo que nosotros hemos estado experimentando, nos confirma una vez m\u00e1s en lo que creemos, y en lo que no creemos\u201d, subray\u00f3 a su anfitri\u00f3n el l\u00edder religioso, quien aprovech\u00f3 el encuentro para valorar -en lo alusivo a la realidad cubana: \u201cQuer\u00eda agradecerle principalmente por la libertad de religi\u00f3n que existe en este pa\u00eds\u201d.<\/p>\n<p>Acompa\u00f1ando al Presidente D\u00edaz-Canel en el encuentro marcado por la cordialidad y el respeto, tambi\u00e9n se encontraban en la jornada del mediod\u00eda el miembro del Secretariado del Comit\u00e9 Central del Partido Comunista de Cuba y jefe de su Departamento Ideol\u00f3gico, Rogelio Polanco Fuentes; as\u00ed como Caridad Diego Bello, Jefa de la Oficina de Atenci\u00f3n a los Asuntos Religiosos, del Comit\u00e9 Central del Partido Comunista.<\/p>\n","protected":false},"excerpt":{"rendered":"<p>El presidente de Cuba, Miguel D\u00edaz-Canel, recibi\u00f3 al reverendo Jerry Pillay, secretario general del Consejo Mundial de Iglesias, quien concluye ma\u00f1ana su visita oficial en apoyo a las iglesias cubanas y su pueblo.<\/p>\n","protected":false},"author":124,"featured_media":20018,"comment_status":"open","ping_status":"open","sticky":false,"template":"","format":"standard","meta":{"_acf_changed":false,"footnotes":""},"categories":[3,8],"tags":[1058,629,28],"coauthors":[],"class_list":["post-20017","post","type-post","status-publish","format-standard","has-post-thumbnail","hentry","category-cuba","category-noticia","tag-consejo-mundial-de-iglesias","tag-cuba-religion","tag-miguel-diaz-canel"],"acf":[],"_links":{"self":[{"href":"https:\/\/www.radiosanctispiritus.cu\/es\/wp-json\/wp\/v2\/posts\/20017","targetHints":{"allow":["GET"]}}],"collection":[{"href":"https:\/\/www.radiosanctispiritus.cu\/es\/wp-json\/wp\/v2\/posts"}],"about":[{"href":"https:\/\/www.radiosanctispiritus.cu\/es\/wp-json\/wp\/v2\/types\/post"}],"author":[{"embeddable":true,"href":"https:\/\/www.radiosanctispiritus.cu\/es\/wp-json\/wp\/v2\/users\/124"}],"replies":[{"embeddable":true,"href":"https:\/\/www.radiosanctispiritus.cu\/es\/wp-json\/wp\/v2\/comments?post=20017"}],"version-history":[{"count":0,"href":"https:\/\/www.radiosanctispiritus.cu\/es\/wp-json\/wp\/v2\/posts\/20017\/revisions"}],"wp:featuredmedia":[{"embeddable":true,"href":"https:\/\/www.radiosanctispiritus.cu\/es\/wp-json\/wp\/v2\/media\/20018"}],"wp:attachment":[{"href":"https:\/\/www.radiosanctispiritus.cu\/es\/wp-json\/wp\/v2\/media?parent=20017"}],"wp:term":[{"taxonomy":"category","embeddable":true,"href":"https:\/\/www.radiosanctispiritus.cu\/es\/wp-json\/wp\/v2\/categories?post=20017"},{"taxonomy":"post_tag","embeddable":true,"href":"https:\/\/www.radiosanctispiritus.cu\/es\/wp-json\/wp\/v2\/tags?post=20017"},{"taxonomy":"author","embeddable":true,"href":"https:\/\/www.radiosanctispiritus.cu\/es\/wp-json\/wp\/v2\/coauthors?post=20017"}],"curies":[{"name":"wp","href":"https:\/\/api.w.org\/{rel}","templated":true}]}}