{"id":19918,"date":"2023-12-15T22:14:06","date_gmt":"2023-12-16T03:14:06","guid":{"rendered":"https:\/\/www.radiosanctispiritus.cu\/es\/?p=19918"},"modified":"2023-12-15T23:18:52","modified_gmt":"2023-12-16T04:18:52","slug":"festival-del-nuevo-cine-latinoamericano-cerro-con-entrega-de-premios","status":"publish","type":"post","link":"https:\/\/www.radiosanctispiritus.cu\/es\/festival-del-nuevo-cine-latinoamericano-cerro-con-entrega-de-premios\/","title":{"rendered":"Festival del Nuevo Cine Latinoamericano cerr\u00f3 con entrega de premios"},"content":{"rendered":"<p>Con la felicitaci\u00f3n a los premiados y la invitaci\u00f3n a la edici\u00f3n 45 del Festival Internacional del Nuevo Cine Latinoamericano, el pr\u00f3ximo a\u00f1o, concluy\u00f3 este viernes la magna cita del s\u00e9ptimo arte en Cuba.<\/p>\n<p>Durante la ceremonia de clausura, en la sala Charles Chaplin de La Habana, fueron entregados los premios Corales a las obras seleccionadas por los diferentes jurados en el concurso.<\/p>\n<p>La presidenta del festival, Tania Delgado, agradeci\u00f3 tambi\u00e9n a todos los que hacen posible la magia del cine, a todo ese personal an\u00f3nimo que hizo posible desde el 8 de diciembre que todo funcionara en cada sala, en cada evento.<\/p>\n<p>Record\u00f3 a pilares de la filmograf\u00eda latinoamericana que ya no est\u00e1n y destac\u00f3 la importancia de la Escuela Internacional de Cine y Televisi\u00f3n de San Antonio de los Ba\u00f1os (EICTV) en la formaci\u00f3n de cineastas de todo el mundo.<\/p>\n<p>El reconocimiento grande a la EICTV lleg\u00f3 adem\u00e1s en las palabras de realizadores premiados, que celebraron su aniversario 37 este d\u00eda.<\/p>\n<p>El agradecimiento a sus fundadores, el escritor colombiano Gabriel Garc\u00eda M\u00e1rquez, el cineasta argentino Fernando Birri y el Comandante en Jefe Fidel Castro, provoc\u00f3 fuertes aplausos y la ovaci\u00f3n del p\u00fablico.<\/p>\n<p>El coro Entrevoces, dirigido por la maestra Digna Guerra; la Camerata Nueva, la voz l\u00edrica de Cristina Rodr\u00edguez, todos de Cuba, y la cantautora argentina Aracely Matos, nieta de Mercedes Sosa, cantora icono de la m\u00fasica folcl\u00f3rica latinoamericana, fueron las propuestas musicales de la noche.<\/p>\n<p>Un total de 199 obras concursaron en esta edici\u00f3n 44 del festival cubano, entre m\u00e1s de dos mil que fueron enviadas al evento, que se afianza como uno de los m\u00e1s importantes del s\u00e9ptimo arte en la regi\u00f3n.<\/p>\n<p><strong>Brasil, Argentina y M\u00e9xico triunfan en Festival de cine de La Habana<\/strong><\/p>\n<p>Las filmograf\u00edas de Brasil, Argentina y M\u00e9xico se lucieron en el 44 Festival Internacional del Nuevo Cine Latinoamericano de La Habana, en el cual Colombia destac\u00f3 por sus actuaciones y Cuba triunf\u00f3 en varias categor\u00edas.<\/p>\n<p>A continuaci\u00f3n la lista de t\u00edtulos ganadores:<\/p>\n<p>-Premio Coral a Mejor Largometraje de ficci\u00f3n: T\u00f3tem, de Lila Avil\u00e9s (M\u00e9xico)<\/p>\n<p>-Premio Coral Especial del Jurado: El auge de lo humano 3, de Eduardo Williams (Argentina)<\/p>\n<p>-Premio Coral a la Mejor direcci\u00f3n: Rodrigo Moreno, Los delincuentes (Argentina)<\/p>\n<p>-Premio Coral de fotograf\u00eda: In\u00e9s Duacastella y Alejo Maglio, por la pel\u00edcula Los delincuentes (Argentina).<\/p>\n<p>-Premio Coral a la Direcci\u00f3n: Rodrigo Moreno por Los delincuentes (Argentina)<\/p>\n<p>-Premio Coral en Sonido: Lucas Coelho por la pel\u00edcula O Extranho (Brasil)<\/p>\n<p>-Premio Coral en Gui\u00f3n: Lila Avil\u00e9s por la pel\u00edcula T\u00f3tem (M\u00e9xico)<\/p>\n<p>-Premio Coral a la M\u00fasica Original: Fafa Nascimento y Uir\u00e1 dos Reis para la pel\u00edcula Extra\u00f1o Camino (Brasil)<\/p>\n<p>-Premio Coral en Edici\u00f3n para Manuel Ferrari, Nicol\u00e1s Goldbart y Rodrigo Moreno por la pel\u00edcula Los delincuentes. (Argentina).<\/p>\n<p>-Premio Coral en Direcci\u00f3n Art\u00edstica:a Nohem\u00ed Gonz\u00e1lez Mart\u00ednez por la pel\u00edcula T\u00f3tem (M\u00e9xico)<\/p>\n<p>-Premio Coral a la actuaci\u00f3n masculina: Miguel Gonz\u00e1lez por la pel\u00edcula El otro hijo (Colombia)<\/p>\n<p>-Premio Coral a la actuaci\u00f3n femenina: Ilona Almansa por la pel\u00edcula El otro hijo (Colombia)<\/p>\n<p>-Premio Coral a la Mejor \u00d3pera Prima: Levante, Lillah Halla (Brasil)<\/p>\n<p>-Premio Coral Especial del Jurado: La mujer salvaje, de Al\u00e1n Gonz\u00e1lez (Cuba)<\/p>\n<p>-Premio Coral a la Mejor Contribuci\u00f3n Art\u00edstica: Sem Cora\u00e7\u00e3o, de Nara Normande &amp; Tiao (Brasil)<\/p>\n<p>-Premio Coral de cortometrajes y mediometrajes documentales: El final del camino, de Ariagna Fajardo (Cuba)<\/p>\n<p>-Premio especial del jurado : Esperanza, de Mayra V\u00e9liz (M\u00e9xico)<\/p>\n<p>-Premio Coral al Mejor Documental: El juicio, de Ulises de la Orden (Argentina)<\/p>\n<p>-Premio Coral Especial del Jurado al Documental: El eco, de Tatiana Huezo (M\u00e9xico)<\/p>\n<p>-Premio Coral al Mejor Cortometraje de ficci\u00f3n: Para\u00edso Europa, de Leandro Goddinho y Pablo Meneses (Brasil).<\/p>\n<p>-Premio Especial del jurado al cortometraje: D\u00e9jalo, de Mariana Jaspe (Brasil)<\/p>\n<p>-Premio Coral al Mejor Corto o Mediometraje Animado: Carne de Dios, de Patricio Plaza (Argentina, M\u00e9xico y Colombia)<\/p>\n<p>-Premio Coral Especial del Jurado al Animado: Teca e Tuti: una noche en la biblioteca, de Thiago Mal, Eduardo Perdido y Diego Doimo (Brasil).<\/p>\n<p>-Premio Coral de Carteles: Cartel El mundo de Nelsito, de Vladimir P\u00e9rez (Cuba)<\/p>\n<p>-Menci\u00f3n: Cartel D\u00edas de visita, de Jonattan R\u00edos Valencia (Colombia)<\/p>\n<p>-Premio Coral al Mejor Guion In\u00e9dito: Un viejo sin documentos, escrito por Edgar de Luque J\u00e1come (Colombia)<\/p>\n<p>-Premio Coral al Mejor Largometraje Animado: Placa Madre, de Igor Bastos (Brasil)<\/p>\n<p>Premio de Post-Producci\u00f3n:<\/p>\n<p>Premio de la empresa BoogieMan a: La casa de las galletas (Per\u00fa), de Rodolfo Zavala Chia<\/p>\n<p>Premio de la empresa La burbuja de Sonido a: Aunque sea ver el mar (Rep\u00fablica Dominicana), de Pablo Lozano<\/p>\n<p>Premio Coral de Post-Producci\u00f3n, otorgado por las empresas AracneDC y Arte Sonora, a: La casa de las galletas (Per\u00fa), de Rodolfo Zavala Chia.<\/p>\n<p>Premio Fripresci: El viento que arrasa, de Paula Hern\u00e1ndez (Argentina-Uruguay)<\/p>\n<p>Premio Signis: La mujer salvaje, de Al\u00e1n Gonz\u00e1lez (Cuba)<\/p>\n<p>Premio Arrecife a Transfariana, de Joris Lachaise (Colombia)<\/p>\n<p>Premio Don Quijote de la federaci\u00f3n internacional de cine clubes: La mujer salvaje (Cuba).<\/p>\n","protected":false},"excerpt":{"rendered":"<p>Con la felicitaci\u00f3n a los premiados y la invitaci\u00f3n a la edici\u00f3n 45 del Festival Internacional del Nuevo Cine Latinoamericano, el pr\u00f3ximo a\u00f1o, concluy\u00f3 este viernes la magna cita del s\u00e9ptimo arte en Cuba.<\/p>\n","protected":false},"author":22,"featured_media":19919,"comment_status":"open","ping_status":"open","sticky":false,"template":"","format":"standard","meta":{"_acf_changed":false,"footnotes":""},"categories":[6,8],"tags":[319,552],"coauthors":[],"class_list":["post-19918","post","type-post","status-publish","format-standard","has-post-thumbnail","hentry","category-cultura","category-noticia","tag-cine","tag-festival-de-cine"],"acf":[],"_links":{"self":[{"href":"https:\/\/www.radiosanctispiritus.cu\/es\/wp-json\/wp\/v2\/posts\/19918","targetHints":{"allow":["GET"]}}],"collection":[{"href":"https:\/\/www.radiosanctispiritus.cu\/es\/wp-json\/wp\/v2\/posts"}],"about":[{"href":"https:\/\/www.radiosanctispiritus.cu\/es\/wp-json\/wp\/v2\/types\/post"}],"author":[{"embeddable":true,"href":"https:\/\/www.radiosanctispiritus.cu\/es\/wp-json\/wp\/v2\/users\/22"}],"replies":[{"embeddable":true,"href":"https:\/\/www.radiosanctispiritus.cu\/es\/wp-json\/wp\/v2\/comments?post=19918"}],"version-history":[{"count":0,"href":"https:\/\/www.radiosanctispiritus.cu\/es\/wp-json\/wp\/v2\/posts\/19918\/revisions"}],"wp:featuredmedia":[{"embeddable":true,"href":"https:\/\/www.radiosanctispiritus.cu\/es\/wp-json\/wp\/v2\/media\/19919"}],"wp:attachment":[{"href":"https:\/\/www.radiosanctispiritus.cu\/es\/wp-json\/wp\/v2\/media?parent=19918"}],"wp:term":[{"taxonomy":"category","embeddable":true,"href":"https:\/\/www.radiosanctispiritus.cu\/es\/wp-json\/wp\/v2\/categories?post=19918"},{"taxonomy":"post_tag","embeddable":true,"href":"https:\/\/www.radiosanctispiritus.cu\/es\/wp-json\/wp\/v2\/tags?post=19918"},{"taxonomy":"author","embeddable":true,"href":"https:\/\/www.radiosanctispiritus.cu\/es\/wp-json\/wp\/v2\/coauthors?post=19918"}],"curies":[{"name":"wp","href":"https:\/\/api.w.org\/{rel}","templated":true}]}}