{"id":19821,"date":"2023-12-14T07:25:38","date_gmt":"2023-12-14T12:25:38","guid":{"rendered":"https:\/\/www.radiosanctispiritus.cu\/es\/?p=19821"},"modified":"2023-12-14T07:25:38","modified_gmt":"2023-12-14T12:25:38","slug":"14-de-diciembre-dia-del-trabajador-de-la-cultura","status":"publish","type":"post","link":"https:\/\/www.radiosanctispiritus.cu\/es\/14-de-diciembre-dia-del-trabajador-de-la-cultura\/","title":{"rendered":"14 de diciembre : D\u00eda del Trabajador de la Cultura"},"content":{"rendered":"<p>El 14 de diciembre celebramos el D\u00eda del Trabajador de la Cultura.<\/p>\n<p>El 14 de diciembre de 1928, naci\u00f3 Ra\u00fal G\u00f3mez Garc\u00eda, el poeta de la Generaci\u00f3n del Centenario, quien escribiera aquel encendido poema YA ESTAMOS EN COMBATE la v\u00edspera del Asalto al Cuartel Moncada.<\/p>\n<p>Resulta simb\u00f3lico que este d\u00eda en que nace este hombre que supo combinar verbo y acci\u00f3n fuese el escogido para esta conmemoraci\u00f3n.<\/p>\n<p>Museos, Cines, Casas de Cultura, Librer\u00edas y Bibliotecas conforman \u2013entre otras instituciones- el entramado cultural, diverso y abarcador que garantiza opciones de alto nivel para que los cubanos, desde edades tempranas tengan libre acceso al cultivo y apreciaci\u00f3n de las artes.<\/p>\n<p>Centros de ense\u00f1anza art\u00edstica, promotores e instructores de arte est\u00e1n diseminados por todo el pa\u00eds, acortando las distancias intelectuales que van desde las capitales hasta la m\u00e1s peque\u00f1a comunidad de un territorio.<\/p>\n<p>El trabajador de cultura es ese interlocutor entre las artes y el pueblo, que propicia el intercambio, la reflexi\u00f3n y que lucha por preservar el patrimonio, nuestras ra\u00edces y la historia cultural cargada de belleza y patriotismo.<\/p>\n<p>En la historia de la cultura cubana los artistas e intelectuales, en su inmensa mayor\u00eda, siempre han estado de parte del pueblo y a favor de las causas mas justas.<\/p>\n<p>El artista cubano no puede vivir sin el calor de su pueblo, sin ese cord\u00f3n umbilical que lo vincula a lo m\u00e1s genuino de la cultura popular y lo nutre como\u00a0 frondosas ra\u00edces apegadas a la tierra.<\/p>\n<p>Detr\u00e1s de todo esfuerzo por preservar y promover nuestra cultura est\u00e1 la presencia de hombres y mujeres que han dedicado parte de sus vidas a tan noble empe\u00f1o.<\/p>\n<p>En el concepto de cultura cubana est\u00e1 nuestra historia de luchas, h\u00e9roes, costumbres, tradiciones, la m\u00fasica aut\u00f3ctona y la obra de nuestros escritores, poetas, pintores, escultores, artesanos.<\/p>\n<p>Los espirituanos, en espec\u00edfico, profesamos un amor indeleble por la Iglesia Parroquial del Esp\u00edritu Santo, el puente sobre el R\u00edo Yayabo, el Coro de Clave, las parrandas, el Punto Guajiro, los festejos santiagueros, la obra pict\u00f3rica de Oscar Fern\u00e1ndez-Morera y el h\u00e9roe de las tres guerras, Mayor General Seraf\u00edn S\u00e1nchez Valdivia, entre otros muchos s\u00edmbolos de lo nuestro.<\/p>\n<p>Toda cultura tiene tambi\u00e9n sus paradigmas: La nuestra tiene como s\u00edntesis a Nicol\u00e1s Guill\u00e9n que resumi\u00f3 sus dos vertientes espirituales, la del abuelo negro, la del abuelo blanco y la composici\u00f3n de la sociedad cubana en su mestizaje racial de profundos y dram\u00e1ticos fundamentos econ\u00f3micos.<\/p>\n<p>Al decir de Fernando Ortiz: \u201cSer plenamente cubanos exige la asunci\u00f3n de nuestra cultura y es una condici\u00f3n del alma, de sentimientos, ideas y actitudes\u201d.<strong>\u00a0<\/strong><\/p>\n<p>A los trabajadores de la cultura que se esfuerzan porque seamos cada vez m\u00e1s cultos y m\u00e1s libres; a los que saben que defender nuestras tradiciones es defender nuestra cuban\u00eda, les deseamos muchas Felicidades en su d\u00eda!<\/p>\n","protected":false},"excerpt":{"rendered":"<p>A los trabajadores de la cultura que se esfuerzan porque seamos cada vez m\u00e1s cultos y m\u00e1s libres; a los que saben que defender nuestras tradiciones es defender nuestra cuban\u00eda, les deseamos muchas Felicidades en su d\u00eda!<\/p>\n","protected":false},"author":163,"featured_media":19850,"comment_status":"open","ping_status":"open","sticky":false,"template":"","format":"standard","meta":{"_acf_changed":false,"footnotes":""},"categories":[1023],"tags":[],"coauthors":[],"class_list":["post-19821","post","type-post","status-publish","format-standard","has-post-thumbnail","hentry","category-el-balcon-del-soto"],"acf":[],"_links":{"self":[{"href":"https:\/\/www.radiosanctispiritus.cu\/es\/wp-json\/wp\/v2\/posts\/19821","targetHints":{"allow":["GET"]}}],"collection":[{"href":"https:\/\/www.radiosanctispiritus.cu\/es\/wp-json\/wp\/v2\/posts"}],"about":[{"href":"https:\/\/www.radiosanctispiritus.cu\/es\/wp-json\/wp\/v2\/types\/post"}],"author":[{"embeddable":true,"href":"https:\/\/www.radiosanctispiritus.cu\/es\/wp-json\/wp\/v2\/users\/163"}],"replies":[{"embeddable":true,"href":"https:\/\/www.radiosanctispiritus.cu\/es\/wp-json\/wp\/v2\/comments?post=19821"}],"version-history":[{"count":0,"href":"https:\/\/www.radiosanctispiritus.cu\/es\/wp-json\/wp\/v2\/posts\/19821\/revisions"}],"wp:featuredmedia":[{"embeddable":true,"href":"https:\/\/www.radiosanctispiritus.cu\/es\/wp-json\/wp\/v2\/media\/19850"}],"wp:attachment":[{"href":"https:\/\/www.radiosanctispiritus.cu\/es\/wp-json\/wp\/v2\/media?parent=19821"}],"wp:term":[{"taxonomy":"category","embeddable":true,"href":"https:\/\/www.radiosanctispiritus.cu\/es\/wp-json\/wp\/v2\/categories?post=19821"},{"taxonomy":"post_tag","embeddable":true,"href":"https:\/\/www.radiosanctispiritus.cu\/es\/wp-json\/wp\/v2\/tags?post=19821"},{"taxonomy":"author","embeddable":true,"href":"https:\/\/www.radiosanctispiritus.cu\/es\/wp-json\/wp\/v2\/coauthors?post=19821"}],"curies":[{"name":"wp","href":"https:\/\/api.w.org\/{rel}","templated":true}]}}