{"id":19649,"date":"2023-12-08T22:09:44","date_gmt":"2023-12-09T03:09:44","guid":{"rendered":"https:\/\/www.radiosanctispiritus.cu\/es\/?p=19649"},"modified":"2023-12-08T22:09:44","modified_gmt":"2023-12-09T03:09:44","slug":"en-marcha-mayor-fiesta-del-nuevo-cine-latinoamericano-en-cuba","status":"publish","type":"post","link":"https:\/\/www.radiosanctispiritus.cu\/es\/en-marcha-mayor-fiesta-del-nuevo-cine-latinoamericano-en-cuba\/","title":{"rendered":"En marcha mayor fiesta del nuevo cine latinoamericano en Cuba"},"content":{"rendered":"<p>Con una c\u00e1lida bienvenida a cineastas de 19 pa\u00edses asistentes a la edici\u00f3n 44 del Festival del Nuevo Cine Latinoamericano, arranc\u00f3 este viernes el evento en la sala Charles Chaplin, de la capital cubana.<\/p>\n<p>Tania Delgado, presidenta de la m\u00e1s importante cita del s\u00e9ptimo arte en Cuba, destac\u00f3 la riqueza y diversidad de la identidad y cultura de esta regi\u00f3n del mundo y signific\u00f3 que el encuentro es la realizaci\u00f3n de un gran sue\u00f1o latinoamericano.<\/p>\n<p>Aprovech\u00f3 el momento para denunciar el genocidio israel\u00ed contra el pueblo palestino y llam\u00f3 a la resurrecci\u00f3n y la sanaci\u00f3n como pilares que deben sostener la filmograf\u00eda nacional y continental.<\/p>\n<p>Por su parte, Alexis Triana, presidente del Instituto Cubano de Arte e Industria Cinematogr\u00e1ficos (Icaic), advirti\u00f3 que pese a las grandes dificultades econ\u00f3micas que enfrenta el pa\u00eds se inaugura este festival, demostrando el valor de la cultural para la naci\u00f3n en momentos de fuertes corrientes colonizadoras.<\/p>\n<p>Record\u00f3 la historia de la fundaci\u00f3n del Icaic, la gesta de su creaci\u00f3n, a la vez que nac\u00eda la Revoluci\u00f3n cubana.<\/p>\n<p>C\u00f3mo sostenemos esa utop\u00eda, dijo, y llam\u00f3 a tomar las calles como la primera vez, apostando porque un mundo mejor es posible.<\/p>\n<p>Llam\u00f3 tambi\u00e9n a desatar los nudos, a dialogar con quienes quieran lo mejor para Cuba y su cine, a buscar soluciones a los problemas actuales.<\/p>\n<p>La gala de apertura fue un regalo de lujo para los asistentes. Comenz\u00f3 con una espectacular y renovada versi\u00f3n del tema musical \u00abDesde la aldea\u00bb, de Jos\u00e9 Mar\u00eda Vitier, que desde sus inicios constituye la principal banda sonora del festival habanero.<\/p>\n<p>Para esta ocasi\u00f3n, el Maestro, al piano, fue acompa\u00f1ado por las flautas de Niurka Gonz\u00e1lez y Rodrigo Sosa, el tres de Pancho Amat, la guitarra de Abel Acosta y en la percusi\u00f3n Alejandro Aguilar.<\/p>\n<p>Otro virtuoso cubano, el pianista Marcos Madrigal, hizo un recorrido por cl\u00e1sicos del pentagrama de la isla caribe\u00f1a y universal que tambi\u00e9n forman parte de la historia del cine.<\/p>\n<p>A \u00e9l tambi\u00e9n se uni\u00f3 Gonz\u00e1lez, conformando un d\u00fao de flauta y piano magistral al que se uni\u00f3 la soprano B\u00e1rbara Llanes; la belleza de la m\u00fasica honrando a lo mejor del s\u00e9ptimo arte.<\/p>\n<p>Para finalizar, Vitier y Madrigal fundieron sus pianos para recordar desde su m\u00fasica y en la pantalla del Chaplin que la pel\u00edcula Fresa y Chocolate est\u00e1 cumpliendo 30 a\u00f1os.<\/p>\n<p>Plato fuerte de la noche fue adem\u00e1s la proyecci\u00f3n del filme chileno Los colonos, de Felipe G\u00e1lvez, una de las candidatas al premio de \u00d3pera Prima y la propuesta de su pa\u00eds para los \u00d3scar.<\/p>\n<p>En la ceremonia fue entregado un Coral Especial para el programa Ibermedia, por su extraordinario apoyo desde hace 25 a\u00f1os al desarrollo del cine cubano y latinoamericano a trav\u00e9s de numerosos proyectos cinematogr\u00e1ficos.<\/p>\n<p>Tambi\u00e9n fue otorgado el Coral de Honor a la actriz cubana Eslinda N\u00fa\u00f1ez, Premio Nacional de Cine 2011, con una larga carrera cinematogr\u00e1fica, en la televisi\u00f3n y el teatro de la naci\u00f3n antillana.<\/p>\n<p>Se encontraban presentes altos funcionarios del Estado y el Gobierno, entre ellos la viceprimera ministra In\u00e9s Mar\u00eda Chapman, el miembro del Secretariado del Comit\u00e9 Central del Partido Comunista de Cuba Rogelio Polanco; el ministro de Cultura Alpidio Alonso, adem\u00e1s de representantes del Cuerpo Diplom\u00e1tico acreditado en la isla, intelectuales y artistas.<\/p>\n","protected":false},"excerpt":{"rendered":"<p>Con una c\u00e1lida bienvenida a cineastas de 19 pa\u00edses asistentes a la edici\u00f3n 44 del Festival del Nuevo Cine Latinoamericano, arranc\u00f3 este viernes el evento en la sala Charles Chaplin, de la capital cubana.<\/p>\n","protected":false},"author":22,"featured_media":19650,"comment_status":"open","ping_status":"open","sticky":false,"template":"","format":"standard","meta":{"_acf_changed":false,"footnotes":""},"categories":[3,8],"tags":[319,552],"coauthors":[],"class_list":["post-19649","post","type-post","status-publish","format-standard","has-post-thumbnail","hentry","category-cuba","category-noticia","tag-cine","tag-festival-de-cine"],"acf":[],"_links":{"self":[{"href":"https:\/\/www.radiosanctispiritus.cu\/es\/wp-json\/wp\/v2\/posts\/19649","targetHints":{"allow":["GET"]}}],"collection":[{"href":"https:\/\/www.radiosanctispiritus.cu\/es\/wp-json\/wp\/v2\/posts"}],"about":[{"href":"https:\/\/www.radiosanctispiritus.cu\/es\/wp-json\/wp\/v2\/types\/post"}],"author":[{"embeddable":true,"href":"https:\/\/www.radiosanctispiritus.cu\/es\/wp-json\/wp\/v2\/users\/22"}],"replies":[{"embeddable":true,"href":"https:\/\/www.radiosanctispiritus.cu\/es\/wp-json\/wp\/v2\/comments?post=19649"}],"version-history":[{"count":0,"href":"https:\/\/www.radiosanctispiritus.cu\/es\/wp-json\/wp\/v2\/posts\/19649\/revisions"}],"wp:featuredmedia":[{"embeddable":true,"href":"https:\/\/www.radiosanctispiritus.cu\/es\/wp-json\/wp\/v2\/media\/19650"}],"wp:attachment":[{"href":"https:\/\/www.radiosanctispiritus.cu\/es\/wp-json\/wp\/v2\/media?parent=19649"}],"wp:term":[{"taxonomy":"category","embeddable":true,"href":"https:\/\/www.radiosanctispiritus.cu\/es\/wp-json\/wp\/v2\/categories?post=19649"},{"taxonomy":"post_tag","embeddable":true,"href":"https:\/\/www.radiosanctispiritus.cu\/es\/wp-json\/wp\/v2\/tags?post=19649"},{"taxonomy":"author","embeddable":true,"href":"https:\/\/www.radiosanctispiritus.cu\/es\/wp-json\/wp\/v2\/coauthors?post=19649"}],"curies":[{"name":"wp","href":"https:\/\/api.w.org\/{rel}","templated":true}]}}