{"id":19297,"date":"2023-11-29T20:48:40","date_gmt":"2023-11-30T01:48:40","guid":{"rendered":"https:\/\/www.radiosanctispiritus.cu\/es\/?p=19297"},"modified":"2023-11-29T20:48:40","modified_gmt":"2023-11-30T01:48:40","slug":"a-las-puertas-edicion-44-del-festival-de-nuevo-cine-latinoamericano","status":"publish","type":"post","link":"https:\/\/www.radiosanctispiritus.cu\/es\/a-las-puertas-edicion-44-del-festival-de-nuevo-cine-latinoamericano\/","title":{"rendered":"A las puertas edici\u00f3n 44 del Festival de Nuevo Cine Latinoamericano"},"content":{"rendered":"<p>Con 199 filmes en concurso de casi una veintena de pa\u00edses de Am\u00e9rica Latina, La Habana se alista para vivir, del 8 al 17 de diciembre, la edici\u00f3n 44 del Festival Internacional del Nuevo Cine Latinoamericano (FINCL).<\/p>\n<p>Tania Delgado Fern\u00e1ndez, directora del evento, anunci\u00f3 hoy en conferencia de prensa que la pel\u00edcula escogida para la ceremonia de apertura ser\u00e1 \u00abLos colonos\u00bb.<\/p>\n<p>Sobre esa \u00f3pera prima del realizador Felipe G\u00e1lvez se\u00f1al\u00f3 que se estrenar\u00e1 en el capitalino cine Chaplin y apunt\u00f3 que posee un gran recorrido en otros cert\u00e1menes internacionales e incluso, es la propuesta de Chile a los premios \u00d3scar del presente a\u00f1o.<\/p>\n<p>Delgado Fern\u00e1ndez precis\u00f3 que se presentaron al festival 231 guiones y 128 carteles.<\/p>\n<p>Los filmes en competencia proceden, en su mayor\u00eda, de Argentina, Brasil, Colombia, M\u00e9xico y Chile, secundados por Bolivia, Costa Rica, Ecuador, Guatemala, Honduras, Puerto Rico, Paraguay, Rep\u00fablica Dominicana, Uruaguay, Venezuela y Cuba, naci\u00f3n que tiene unas 30 obras en la selecci\u00f3n oficial, destac\u00f3 la directora del FINCL.<\/p>\n<p>Coment\u00f3 que el evento abre sus fronteras para disfrutar de piezas cinematogr\u00e1ficas de Espa\u00f1a, Estados Unidos, Finlandia, Hungr\u00eda, B\u00e9lgica, Ir\u00e1n, Italia, Jap\u00f3n, Francia e India, entre otros.<\/p>\n<p>Apunt\u00f3 que entre los temas m\u00e1s recurrentes de los filmes est\u00e1n las relaciones familiares, las infancias, adolescencias y juventudes, la perspectiva de g\u00e9nero, la diversidad, la violencia, el medio ambiente y el abordaje de hechos hist\u00f3ricos.<\/p>\n<p>Seg\u00fan Delgado Fern\u00e1ndez, las obras concursar\u00e1n en categor\u00edas como Largometraje de ficci\u00f3n, \u00a0\u00d3pera prima, \u00a0Documental, Animaci\u00f3n y \u00a0Postproducci\u00f3n, las cuales se agrupan en los apartados \u00abLatinoam\u00e9rica en perspectiva\u00bb, \u00abCine y nueva televisi\u00f3n\u00bb, \u00abPresentaciones especiales\u00bb y \u00abCl\u00e1sicos restaurados\u00bb.<\/p>\n<p>Dio a conocer que las salas oficiales del FINCL ser\u00e1n los cines Yara, Acapulco, 23 y 12, Chaplin y La Rampa, circuito al cual se sumar\u00e1n la sala Glauber Rocha, de la Fundaci\u00f3n del Nuevo Cine Latinoamericano y la de la Universidad de las Artes.<\/p>\n<p>Todo ello, refiri\u00f3, se debe al esfuerzo institucional y gubernamental para tener esos espacios en condiciones \u00f3ptimas para la realizaci\u00f3n del evento.<\/p>\n<p>Como uno de sus momentos especiales, el FINCL se dedicar\u00e1 a la figura del cineasta espa\u00f1ol Luis Bu\u00f1uel, al cumplirse 40 a\u00f1os de su muerte, as\u00ed como al actor franc\u00e9s Max Linder.<\/p>\n<p>Sobre el tributo a Bu\u00f1uel, se conoci\u00f3 que el festival pondr\u00e1 en pantalla dos de sus pel\u00edculas restauradas y el documental \u00abBu\u00f1uel, un cineasta surrealista\u00bb, de Javier Espada.<\/p>\n<p>M\u00e1s all\u00e1 de los filmes en concurso, el FINCL es un momento propicio para el intercambio entre acad\u00e9micos, realizadores y especialistas de la industria cinematogr\u00e1fica, en general.<\/p>\n<p>Para ello, Delgado Fern\u00e1ndez subray\u00f3 que habr\u00e1 un panel sobre Julio Garc\u00eda Espinosa, otro dedicado a la identidad audiovisual y la globalizaci\u00f3n y la celebraci\u00f3n de los 25 a\u00f1os del programa Ibermedia.<\/p>\n<p>Trascender\u00e1, adem\u00e1s, la realizaci\u00f3n del Foro de Animaci\u00f3n Juan Padr\u00f3n entre el 9 y el 11 de diciembre en los Estudios de Animaci\u00f3n del Instituto Cubano del Arte e Industria Cinematogr\u00e1ficos (Icaic), as\u00ed como el taller \u00abRetos del audiovisual en el entorno digital\u00bb que se dedicar\u00e1 al patrimonio f\u00edlmico, su restauraci\u00f3n y conservaci\u00f3n.<\/p>\n<p>Entre las actividades colaterales resalt\u00f3 la entrega de la condici\u00f3n Memoria del Mundo a la colecci\u00f3n de carteles del cine cubano, que le confiri\u00f3 la Organizaci\u00f3n de Naciones Unidas para la Educaci\u00f3n, la Ciencia y la Cultura este 2023.<\/p>\n<p>Para festejar ese t\u00edtulo se desarrollar\u00e1n exposiciones aleg\u00f3ricas al cartel no solo en la mayor de las Antillas, sino de pel\u00edculas y figuras de renombre como el escritor Italo Calvino, anot\u00f3 la directora del FINCL.<\/p>\n<p>Se rendir\u00e1n honores al cineasta Tom\u00e1s Guti\u00e9rrez Alea, pues este a\u00f1o se cumplen tres d\u00e9cadas del estreno de su pel\u00edcula \u00abFresa y chocolate\u00bb.<\/p>\n<p>Enfatiz\u00f3 en el apartado \u00abNuevas miradas\u00bb que refuerza el v\u00ednculo de los estudiantes de la Escuela Internacional de Cine y Televisi\u00f3n (EICTV), de San Antonio de los Ba\u00f1os, con el festival.<\/p>\n<p>Los alumnos de la EICTV disfrutar\u00e1n de la clase magistral de Marisa Castelo, directiva de la Sociedad General de Autores y Editores de Espa\u00f1a.<\/p>\n<p>Como a\u00f1adido especial a la edici\u00f3n 44 del FINCL, Delgado Fern\u00e1ndez dijo que estar\u00e1n Mar\u00eda Novaro, realizadora y presidenta del Instituto de Cine de M\u00e9xico; Agn\u00e9s Jaoui, cineasta, guionista y actriz francesa, y Sergi L\u00f3pez, actor espa\u00f1ol.<\/p>\n<p>Alexis Triana Hern\u00e1ndez, presidente del Icaic, inform\u00f3 que este a\u00f1o el festival saldr\u00e1 a las calles de la ciudad con un cine gigante que se instalar\u00e1 en la c\u00e9ntrica avenida 23, con el cierre desde Paseo hasta 12.<\/p>\n<p>Invit\u00f3 a otros proyectos cinematogr\u00e1ficos en las provincias a que tambi\u00e9n lleven el s\u00e9ptimo arte a sus principales plazas, con el apoyo de las autoridades locales.<\/p>\n<p>La entrada a las salas de proyecci\u00f3n tendr\u00e1 un costo de 10 pesos en moneda nacional (CUP), mientras que los habituales pasaportes -v\u00e1lidos para ocho pel\u00edculas- \u00a0valdr\u00e1n 60 CUP.<\/p>\n<p>Se incorpora la modalidad de compra de esos tickets a trav\u00e9s de la plataforma digital La Papeleta.<\/p>\n","protected":false},"excerpt":{"rendered":"<p>Con 199 filmes en concurso de casi una veintena de pa\u00edses de Am\u00e9rica Latina, La Habana se alista para vivir, del 8 al 17 de diciembre, la edici\u00f3n 44 del Festival Internacional del Nuevo Cine Latinoamericano.<\/p>\n","protected":false},"author":123,"featured_media":19298,"comment_status":"open","ping_status":"open","sticky":false,"template":"","format":"standard","meta":{"_acf_changed":false,"footnotes":""},"categories":[6,8],"tags":[319,552],"coauthors":[],"class_list":["post-19297","post","type-post","status-publish","format-standard","has-post-thumbnail","hentry","category-cultura","category-noticia","tag-cine","tag-festival-de-cine"],"acf":[],"_links":{"self":[{"href":"https:\/\/www.radiosanctispiritus.cu\/es\/wp-json\/wp\/v2\/posts\/19297","targetHints":{"allow":["GET"]}}],"collection":[{"href":"https:\/\/www.radiosanctispiritus.cu\/es\/wp-json\/wp\/v2\/posts"}],"about":[{"href":"https:\/\/www.radiosanctispiritus.cu\/es\/wp-json\/wp\/v2\/types\/post"}],"author":[{"embeddable":true,"href":"https:\/\/www.radiosanctispiritus.cu\/es\/wp-json\/wp\/v2\/users\/123"}],"replies":[{"embeddable":true,"href":"https:\/\/www.radiosanctispiritus.cu\/es\/wp-json\/wp\/v2\/comments?post=19297"}],"version-history":[{"count":0,"href":"https:\/\/www.radiosanctispiritus.cu\/es\/wp-json\/wp\/v2\/posts\/19297\/revisions"}],"wp:featuredmedia":[{"embeddable":true,"href":"https:\/\/www.radiosanctispiritus.cu\/es\/wp-json\/wp\/v2\/media\/19298"}],"wp:attachment":[{"href":"https:\/\/www.radiosanctispiritus.cu\/es\/wp-json\/wp\/v2\/media?parent=19297"}],"wp:term":[{"taxonomy":"category","embeddable":true,"href":"https:\/\/www.radiosanctispiritus.cu\/es\/wp-json\/wp\/v2\/categories?post=19297"},{"taxonomy":"post_tag","embeddable":true,"href":"https:\/\/www.radiosanctispiritus.cu\/es\/wp-json\/wp\/v2\/tags?post=19297"},{"taxonomy":"author","embeddable":true,"href":"https:\/\/www.radiosanctispiritus.cu\/es\/wp-json\/wp\/v2\/coauthors?post=19297"}],"curies":[{"name":"wp","href":"https:\/\/api.w.org\/{rel}","templated":true}]}}