{"id":19159,"date":"2023-11-28T05:59:32","date_gmt":"2023-11-28T10:59:32","guid":{"rendered":"https:\/\/www.radiosanctispiritus.cu\/es\/?p=19159"},"modified":"2023-11-28T05:59:32","modified_gmt":"2023-11-28T10:59:32","slug":"las-voces-nuevas-de-los-trios-espirituanos","status":"publish","type":"post","link":"https:\/\/www.radiosanctispiritus.cu\/es\/las-voces-nuevas-de-los-trios-espirituanos\/","title":{"rendered":"Las Voces Nuevas de los tr\u00edos espirituanos"},"content":{"rendered":"<p>En un Domingo de Mayo del a\u00f1o 2001 en la Casa de las Promociones Musicales de Sancti Spiritus surgi\u00f3 <strong>Voces Nuevas;<\/strong> de aquella noche no olvidar\u00e1n jam\u00e1s el nerviosismo de la primera vez, los aplausos y el calor de la acogida que les brind\u00f3 el p\u00fablico.<\/p>\n<p>Sus integrantes proced\u00edan del Movimiento de Artistas aficionados y hab\u00edan bebido directamente de la fuente trovadoresca de la ciudad, de sus noches de canciones y serenatas.<\/p>\n<p>El <strong>Tr\u00edo Voces Nuevas <\/strong>cuenta hoy con un amplio repertorio en el que se destacan los boleros y las guarachas, la mayor\u00eda creadas por su director, Rub\u00e9n Sosa. Tres voces, dos guitarras y un requinto caracterizan a este colectivo que ha encontrado decoroso sitio junto a otros tr\u00edos de la ciudad.<\/p>\n<p>El <strong>Tr\u00edo Voces Nuevas <\/strong>ha participado en los Festivales de las provincias de Guant\u00e1namo y Cienfuegos, adem\u00e1s de los eventos de tr\u00edos que organiza nuestra ciudad. Asimismo, se han presentado en locaciones del territorio y realizado grabaciones para la radio y la televisi\u00f3n locales.<\/p>\n<p>No hay dudas de que el <strong>Tr\u00edo Voces Nuevas<\/strong> pertenece al acontecer musical de Sancti Spiritus y lo enriquece con su cotidiano actuar. Como tantas otras agrupaciones de este formato pasaron en su momento por la escuela de tr\u00edos del maestro Roberto Jim\u00e9nez y a \u00e9l le agradecen profundamente el conocimiento que les aport\u00f3.<\/p>\n<p>La constante superaci\u00f3n, la creaci\u00f3n de un repertorio original y la actuaci\u00f3n sistem\u00e1tica frente a su p\u00fablico, hacen de <strong>Voces Nuevas <\/strong>un tr\u00edo en franco desarrollo.<\/p>\n<p>Las mayores satisfacciones de <strong>Voces Nuevas<\/strong> son la aceptaci\u00f3n conque cuentan desde su creaci\u00f3n y el haber recibido una destacada evaluaci\u00f3n profesional por parte del Instituto Cubano de la M\u00fasica.<\/p>\n<p>El mayor reto es el de continuar super\u00e1ndose, desandar con dedicaci\u00f3n los camino de la m\u00fasica y hacerse merecedores de un lugar en la preferencia del p\u00fablico, que en su inmensa mayor\u00eda creci\u00f3 escuchando a formidables tr\u00edos.<\/p>\n","protected":false},"excerpt":{"rendered":"<p>El Tr\u00edo Voces Nuevas pertenece al acontecer musical de Sancti Spiritus y lo enriquece con su cotidiano actuar. <\/p>\n","protected":false},"author":163,"featured_media":19160,"comment_status":"open","ping_status":"open","sticky":false,"template":"","format":"standard","meta":{"_acf_changed":false,"footnotes":""},"categories":[1023,12],"tags":[],"coauthors":[],"class_list":["post-19159","post","type-post","status-publish","format-standard","has-post-thumbnail","hentry","category-el-balcon-del-soto","category-sugerencia"],"acf":[],"_links":{"self":[{"href":"https:\/\/www.radiosanctispiritus.cu\/es\/wp-json\/wp\/v2\/posts\/19159","targetHints":{"allow":["GET"]}}],"collection":[{"href":"https:\/\/www.radiosanctispiritus.cu\/es\/wp-json\/wp\/v2\/posts"}],"about":[{"href":"https:\/\/www.radiosanctispiritus.cu\/es\/wp-json\/wp\/v2\/types\/post"}],"author":[{"embeddable":true,"href":"https:\/\/www.radiosanctispiritus.cu\/es\/wp-json\/wp\/v2\/users\/163"}],"replies":[{"embeddable":true,"href":"https:\/\/www.radiosanctispiritus.cu\/es\/wp-json\/wp\/v2\/comments?post=19159"}],"version-history":[{"count":0,"href":"https:\/\/www.radiosanctispiritus.cu\/es\/wp-json\/wp\/v2\/posts\/19159\/revisions"}],"wp:featuredmedia":[{"embeddable":true,"href":"https:\/\/www.radiosanctispiritus.cu\/es\/wp-json\/wp\/v2\/media\/19160"}],"wp:attachment":[{"href":"https:\/\/www.radiosanctispiritus.cu\/es\/wp-json\/wp\/v2\/media?parent=19159"}],"wp:term":[{"taxonomy":"category","embeddable":true,"href":"https:\/\/www.radiosanctispiritus.cu\/es\/wp-json\/wp\/v2\/categories?post=19159"},{"taxonomy":"post_tag","embeddable":true,"href":"https:\/\/www.radiosanctispiritus.cu\/es\/wp-json\/wp\/v2\/tags?post=19159"},{"taxonomy":"author","embeddable":true,"href":"https:\/\/www.radiosanctispiritus.cu\/es\/wp-json\/wp\/v2\/coauthors?post=19159"}],"curies":[{"name":"wp","href":"https:\/\/api.w.org\/{rel}","templated":true}]}}