{"id":18722,"date":"2023-11-19T06:21:24","date_gmt":"2023-11-19T11:21:24","guid":{"rendered":"https:\/\/www.radiosanctispiritus.cu\/es\/?p=18722"},"modified":"2023-11-19T06:21:24","modified_gmt":"2023-11-19T11:21:24","slug":"garabato-que-abre-caminos","status":"publish","type":"post","link":"https:\/\/www.radiosanctispiritus.cu\/es\/garabato-que-abre-caminos\/","title":{"rendered":"Garabato que abre caminos"},"content":{"rendered":"<p>El Garabato es un instrumento de trabajo campesino, que desbroza la maleza, que abre caminos. Garabato llamamos los adultos al primer trazo que dibuja un ni\u00f1o.<\/p>\n<p>Esas y no otras fueron las razones que motivaron a los j\u00f3venes que el caluroso d\u00eda 4 de agosto de 1994 y con la Direcci\u00f3n de Jos\u00e9 Meneses, decidieron crear en Sancti Spiritus un nuevo grupo teatral que as\u00ed llamaron: Proyecto Garabato.<\/p>\n<p>De entonces a la fecha han transcurrido tres d\u00e9cadas de una larga y fruct\u00edfera vida art\u00edstica.<\/p>\n<p>Proyecto <strong>Garabato <\/strong>se crea con el concepto de llenar espacios de la ciudad, parques, plazas y crear un teatro no convencional.<\/p>\n<p>Con una est\u00e9tica que se basa en la dramaturgia espectacular, la energ\u00eda y la fisicalidad del actor esta agrupaci\u00f3n teatral espirituana es conocida en toda Cuba por la calidad de su propuesta esc\u00e9nica y su vocaci\u00f3n por la cultura comunitaria.<\/p>\n<p><strong>Garabato <\/strong>se ha hecho de un importante p\u00fablico infantil y los peque\u00f1os que presenciaron sus primeras puestas ya no lo son. Toda una generaci\u00f3n de ahora adolescentes o j\u00f3venes ha crecido disfrutando de las puestas en escena de este proyecto teatral.<\/p>\n<p>Es habitual ver presentarse al Proyecto Garabato en el Boulevard espirituano y en otros sitios de la ciudad como el Barrio Jes\u00fas Mar\u00eda, que tanto agradece el trabajo cultural. Por otra parte, ahora cuenta con una sede: El otrora cine \u201cSeraf\u00edn S\u00e1nchez\u201d, lo que permite a la agrupaci\u00f3n ampliar su repertorio con otro tipo de propuestas esc\u00e9nicas.<\/p>\n<p>Garabato es una de nuestras principales agrupaciones, y la primera que represent\u00f3 a Sancti Spiritus en el importante Festival de Teatro de Camag\u00fcey en el a\u00f1o 2004.<\/p>\n<p>Cuando se escriba la Historia del Teatro Espirituano nadie podr\u00e1 escamotearle protagonismo a estos artistas que, como pensaron sus fundadores, han sido capaces de desbrozar caminos y apartar malezas para alcanzar un prestigioso nombre dentro del teatro cubano.<\/p>\n","protected":false},"excerpt":{"rendered":"<p>Proyecto Garabato es conocido en toda Cuba por la calidad de su propuesta esc\u00e9nica y su vocaci\u00f3n por la cultura comunitaria.<\/p>\n","protected":false},"author":163,"featured_media":14905,"comment_status":"open","ping_status":"open","sticky":false,"template":"","format":"standard","meta":{"_acf_changed":false,"footnotes":""},"categories":[1023],"tags":[],"coauthors":[],"class_list":["post-18722","post","type-post","status-publish","format-standard","has-post-thumbnail","hentry","category-el-balcon-del-soto"],"acf":[],"_links":{"self":[{"href":"https:\/\/www.radiosanctispiritus.cu\/es\/wp-json\/wp\/v2\/posts\/18722","targetHints":{"allow":["GET"]}}],"collection":[{"href":"https:\/\/www.radiosanctispiritus.cu\/es\/wp-json\/wp\/v2\/posts"}],"about":[{"href":"https:\/\/www.radiosanctispiritus.cu\/es\/wp-json\/wp\/v2\/types\/post"}],"author":[{"embeddable":true,"href":"https:\/\/www.radiosanctispiritus.cu\/es\/wp-json\/wp\/v2\/users\/163"}],"replies":[{"embeddable":true,"href":"https:\/\/www.radiosanctispiritus.cu\/es\/wp-json\/wp\/v2\/comments?post=18722"}],"version-history":[{"count":0,"href":"https:\/\/www.radiosanctispiritus.cu\/es\/wp-json\/wp\/v2\/posts\/18722\/revisions"}],"wp:featuredmedia":[{"embeddable":true,"href":"https:\/\/www.radiosanctispiritus.cu\/es\/wp-json\/wp\/v2\/media\/14905"}],"wp:attachment":[{"href":"https:\/\/www.radiosanctispiritus.cu\/es\/wp-json\/wp\/v2\/media?parent=18722"}],"wp:term":[{"taxonomy":"category","embeddable":true,"href":"https:\/\/www.radiosanctispiritus.cu\/es\/wp-json\/wp\/v2\/categories?post=18722"},{"taxonomy":"post_tag","embeddable":true,"href":"https:\/\/www.radiosanctispiritus.cu\/es\/wp-json\/wp\/v2\/tags?post=18722"},{"taxonomy":"author","embeddable":true,"href":"https:\/\/www.radiosanctispiritus.cu\/es\/wp-json\/wp\/v2\/coauthors?post=18722"}],"curies":[{"name":"wp","href":"https:\/\/api.w.org\/{rel}","templated":true}]}}