{"id":18700,"date":"2023-11-16T22:59:59","date_gmt":"2023-11-17T03:59:59","guid":{"rendered":"https:\/\/www.radiosanctispiritus.cu\/es\/?p=18700"},"modified":"2023-11-16T22:59:59","modified_gmt":"2023-11-17T03:59:59","slug":"aseguraran-canasta-familiar-normada-para-ultimo-periodo-de-2023","status":"publish","type":"post","link":"https:\/\/www.radiosanctispiritus.cu\/es\/aseguraran-canasta-familiar-normada-para-ultimo-periodo-de-2023\/","title":{"rendered":"Asegurar\u00e1n canasta familiar normada para \u00faltimo per\u00edodo de 2023"},"content":{"rendered":"<p>Pese a la compleja disponibilidad de abastecimientos que componen la canasta familiar normada, el Ministerio de Comercio Interior de Cuba asegurar\u00e1 para este \u00faltimo per\u00edodo de 2023 la entrega de sus productos a la poblaci\u00f3n.<\/p>\n<p>As\u00ed lo asegur\u00f3 este jueves Yosvany Pupo Otero, viceministro primero del Comercio Interior, en el programa radio-televisivo Mesa Redonda, donde detall\u00f3 que en el caso del arroz, se vendieron las siete libras correspondientes a cada consumidor del mes de octubre.<\/p>\n<p>En Pinar del R\u00edo, Camag\u00fcey y Granma se distribuir\u00e1 en noviembre la libra por persona de ese cereal pendiente del mes anterior, a\u00f1adi\u00f3.<\/p>\n<p>Sobre el per\u00edodo en curso, el viceministro primero del Comercio Interior precis\u00f3 que se expender\u00e1n las siete libras de arroz normadas, aunque su venta ha sido dividida en dos momentos.<\/p>\n<p>Asever\u00f3 que esa misma cantidad se encuentra asegurada para diciembre y se entregar\u00e1 sin retrasos.<\/p>\n<p>En el oriente de Cuba, refiri\u00f3 Pupo Otero, donde la poblaci\u00f3n infantil y mayor de 65 a\u00f1os de edad adquiri\u00f3 un kilogramo -alrededor de 2,2 libras- de arroz para cubrir los meses de octubre y noviembre, recibir\u00e1n a finales de 2023 su cuota completa.<\/p>\n<p>Con respecto a los granos, subray\u00f3 que se entregar\u00e1n los ch\u00edcharos correspondientes a septiembre y octubre en Pinar del R\u00edo, Camag\u00fcey, Holgu\u00edn y Granma, territorios que se atrasaron en la distribuci\u00f3n.<\/p>\n<p>Se garantizan las 10 onzas por consumidor de noviembre y diciembre, las cuales se vender\u00e1n simult\u00e1neamente, dijo.<\/p>\n<p>El caf\u00e9 ya se encuentra disponible en Artemisa, La Habana, Mayabeque, Cienfuegos, Sancti Sp\u00edritus y Santiago de Cuba.<\/p>\n<p>Vamos a garantizar la entrega de ese producto dentro del mes de noviembre y se producir\u00e1 la cuota de diciembre, porque la materia prima importada se encuentra en suelo cubano, expres\u00f3 Pupo Otero.<\/p>\n<p>Finaliz\u00f3, adem\u00e1s, la distribuci\u00f3n del az\u00facar de octubre, mientras que Pinar del R\u00edo, Artemisa y La Habana a\u00fan no concluyen la venta de ese producto a sus consumidores durante el mes en curso.<\/p>\n<p>Para diciembre se restablecer\u00e1n las cuatro libras de az\u00facar por persona que corresponden seg\u00fan la norma, refiri\u00f3 el viceministro primero.<\/p>\n<p>Anot\u00f3 que existen atrasos con la llegada de la sal a las bodegas por problemas de transportaci\u00f3n, pero se aspira a erradicar esas demoras durante lo que resta de 2023.<\/p>\n<p>En el caso del aceite se asegurar\u00e1 su presencia en cada casa cubana para los dos \u00faltimos meses del a\u00f1o.<\/p>\n<p>La leche, producto que se sustenta en el acopio, ha requerido de estrategias para su distribuci\u00f3n y de esa manera garantizarla a los ni\u00f1os de cero a seis meses de vida.<\/p>\n<p>Al decir de Pupo Otero, la leche en polvo para los peque\u00f1os de seis meses y hasta seis a\u00f1os de edad estar\u00e1 en los establecimientos en noviembre.<\/p>\n<p>De los huevos, puntualiz\u00f3 que hasta el 22 de noviembre se completar\u00e1 su venta en Santiago de Cuba, Holgu\u00edn, Granma y Guant\u00e1namo, y para lo que resta del a\u00f1o se distribuir\u00e1n siete unidades por consumidor.<\/p>\n<p>Las mayores dificultades est\u00e1n actualmente en la disponibilidad del pollo, pues se trata de un producto importado, as\u00ed como en la carne de res para los ni\u00f1os y para quienes tienen dietas m\u00e9dicas, porque depende de la masa ganadera, que se encuentra en una tensa situaci\u00f3n, explic\u00f3.<\/p>\n<p>Anot\u00f3 que los combustibles dom\u00e9sticos, como el queroseno y el alcohol que a\u00fan se utilizan en algunos sitios del pa\u00eds para la cocci\u00f3n de los alimentos, tienen prioridad en las zonas de dif\u00edcil acceso y el Plan Turquino.<\/p>\n<p>Desde Villa Clara y hasta Las Tunas su distribuci\u00f3n se ha visto afectada durante dos meses.<\/p>\n<p>La entrega controlada del aseo se mantendr\u00e1 en productos como el jab\u00f3n de lavar y la crema dental, y se realizar\u00e1 durante noviembre y diciembre seg\u00fan la composici\u00f3n de los n\u00facleos.<\/p>\n<p>Respecto al jab\u00f3n de tocador se entregar\u00e1 en el mes en curso atendiendo a la cantidad de personas del n\u00facleo y para el final del a\u00f1o se vender\u00e1 uno por consumidor, enfatiz\u00f3.<\/p>\n<p>El viceministro primero del Comercio Interior agradeci\u00f3 el apoyo de organismos internacionales como el Programa Mundial de Alimentos y de naciones solidarias por la entrega de donativos que alivian la compleja situaci\u00f3n de Cuba en relaci\u00f3n con los insumos para sus habitantes.<\/p>\n<p>La Mesa Redonda abord\u00f3, adem\u00e1s, la implementaci\u00f3n de Resoluci\u00f3n 93\/ 2023 sobre la obligaci\u00f3n de inscribir en el Registro Central Comercial a todas las entidades y personas naturales que realizan esa operaci\u00f3n en el pa\u00eds, sean estatales o privadas.<\/p>\n<p>Seg\u00fan Santiago Secada El\u00f3segui, director del Registro Central Comercial, esos actores deber\u00e1n utilizar las plataformas virtuales de pago \u2015entre ellas En Zona, Transferm\u00f3vil y las Terminales de Punto de Venta\u2015 para transacciones comerciales de ventas de mercanc\u00edas o prestaci\u00f3n de servicios.<\/p>\n<p>No se elimina el efectivo como sistema de pago, anot\u00f3.<\/p>\n","protected":false},"excerpt":{"rendered":"<p>Pese a la compleja disponibilidad de abastecimientos que componen la canasta familiar normada, el Ministerio de Comercio Interior de Cuba asegurar\u00e1 para este \u00faltimo per\u00edodo de 2023 la entrega de sus productos a la poblaci\u00f3n.<\/p>\n","protected":false},"author":123,"featured_media":18701,"comment_status":"open","ping_status":"open","sticky":false,"template":"","format":"standard","meta":{"_acf_changed":false,"footnotes":""},"categories":[3,16,8],"tags":[273,189,893],"coauthors":[],"class_list":["post-18700","post","type-post","status-publish","format-standard","has-post-thumbnail","hentry","category-cuba","category-economia","category-noticia","tag-canasta-basica","tag-comercio-interior","tag-mincin"],"acf":[],"_links":{"self":[{"href":"https:\/\/www.radiosanctispiritus.cu\/es\/wp-json\/wp\/v2\/posts\/18700","targetHints":{"allow":["GET"]}}],"collection":[{"href":"https:\/\/www.radiosanctispiritus.cu\/es\/wp-json\/wp\/v2\/posts"}],"about":[{"href":"https:\/\/www.radiosanctispiritus.cu\/es\/wp-json\/wp\/v2\/types\/post"}],"author":[{"embeddable":true,"href":"https:\/\/www.radiosanctispiritus.cu\/es\/wp-json\/wp\/v2\/users\/123"}],"replies":[{"embeddable":true,"href":"https:\/\/www.radiosanctispiritus.cu\/es\/wp-json\/wp\/v2\/comments?post=18700"}],"version-history":[{"count":0,"href":"https:\/\/www.radiosanctispiritus.cu\/es\/wp-json\/wp\/v2\/posts\/18700\/revisions"}],"wp:featuredmedia":[{"embeddable":true,"href":"https:\/\/www.radiosanctispiritus.cu\/es\/wp-json\/wp\/v2\/media\/18701"}],"wp:attachment":[{"href":"https:\/\/www.radiosanctispiritus.cu\/es\/wp-json\/wp\/v2\/media?parent=18700"}],"wp:term":[{"taxonomy":"category","embeddable":true,"href":"https:\/\/www.radiosanctispiritus.cu\/es\/wp-json\/wp\/v2\/categories?post=18700"},{"taxonomy":"post_tag","embeddable":true,"href":"https:\/\/www.radiosanctispiritus.cu\/es\/wp-json\/wp\/v2\/tags?post=18700"},{"taxonomy":"author","embeddable":true,"href":"https:\/\/www.radiosanctispiritus.cu\/es\/wp-json\/wp\/v2\/coauthors?post=18700"}],"curies":[{"name":"wp","href":"https:\/\/api.w.org\/{rel}","templated":true}]}}