{"id":18176,"date":"2023-11-03T05:18:59","date_gmt":"2023-11-03T09:18:59","guid":{"rendered":"https:\/\/www.radiosanctispiritus.cu\/es\/?p=18176"},"modified":"2023-11-03T05:18:59","modified_gmt":"2023-11-03T09:18:59","slug":"joaquin-teodosio-el-tejedor","status":"publish","type":"post","link":"https:\/\/www.radiosanctispiritus.cu\/es\/joaquin-teodosio-el-tejedor\/","title":{"rendered":"Joaqu\u00edn Teodosio, el tejedor"},"content":{"rendered":"<p>De todas las Artes la Artesan\u00eda resulta de las m\u00e1s antiguas y de las menos reconocidas.<\/p>\n<p>Tal vez por las circunstancias en que la encontramos, o por la sencillez de sus hacedores las Artes Manuales se convierten en esa maravilla que no aquilatamos lo suficiente.<\/p>\n<p>Un artesano es como un duende que se burla del paso el tiempo y lleva en sus genes la intranquilidad de las manos y la agudeza en los ojos.<\/p>\n<p>De esa especie de duendes es Joaqu\u00edn Teodosio, el tejedor.<\/p>\n<p>Teje sombreros por tradici\u00f3n familiar, un arte que hered\u00f3 de sus abuelos, all\u00e1 en Paredes. Pero cada pieza entre sus dedos se convierte en obra art\u00edstica cuando la combina con textiles o paja de ma\u00edz.<\/p>\n<p>Se trata, seg\u00fan Joaqu\u00edn Teodosio, de convertir esa prenda, necesaria y coqueta, en un exponente actualizado, gracias a un dise\u00f1o sugerente y contempor\u00e1neo.<\/p>\n<p>Desde los catorce a\u00f1os, descubri\u00f3 la fibra y ya se extienden a m\u00e1s de treinta su relaci\u00f3n con ella. \u00c9l sabe que la moda es un arte voluble y en constante movimiento y se esfuerza por satisfacer a las personas que diariamente acuden a contemplar o adquirir su obra.<\/p>\n<p>El tejido le ha deparado otras muchas satisfacciones como creador: Obtuvo en 1995 el Premio Internacional de Artesan\u00eda de FIART y ha recibido otros reconocimientos entre los que se cuentan Nominaciones para Premios de Excelencia y Maestr\u00eda Art\u00edstica. Su curr\u00edculo se enriquece con la sistem\u00e1tica participaci\u00f3n en Ferias y otros eventos Nacionales y\u00a0 Provinciales.<\/p>\n<p>Activo miembro de la Asociaci\u00f3n Cubana de Artesanos Artistas, de la que fungi\u00f3 como su Presidente en la Provincia por a\u00f1os, Joaqu\u00edn Teodosio teje y desteje el hilo de la memoria; gusta de la fibra en sus colores naturales, cierra los ojos mientras acaricia el guano y le llega el olor del agua lluvia, el sonido en la cocina de los abuelos y ese bienestar de crear lo bello y lo \u00fatil.<\/p>\n<p>Mientras pasa el tiempo, el artesano Joaqu\u00edn Teodosio ve con optimismo como sus hijos mantienen la tradici\u00f3n para que perdure por siempre aquel don familiar que naci\u00f3 en \u00a0\u00a0Paredes, el humilde pueblito en el que aprendi\u00f3 de ni\u00f1o cuanto puede hacer el hombre con sus manos.<\/p>\n<p>&nbsp;<\/p>\n<p>&nbsp;<\/p>\n","protected":false},"excerpt":{"rendered":"<p>De todas las Artes la Artesan\u00eda resulta de las m\u00e1s antiguas y de las menos reconocidas. Tal vez por las circunstancias en que la encontramos, o por la sencillez de sus hacedores las Artes Manuales se convierten en esa maravilla que no aquilatamos lo suficiente. Un artesano es como un duende que se burla del [&hellip;]<\/p>\n","protected":false},"author":163,"featured_media":18177,"comment_status":"open","ping_status":"open","sticky":false,"template":"","format":"standard","meta":{"_acf_changed":false,"footnotes":""},"categories":[1023,12],"tags":[],"coauthors":[],"class_list":["post-18176","post","type-post","status-publish","format-standard","has-post-thumbnail","hentry","category-el-balcon-del-soto","category-sugerencia"],"acf":[],"_links":{"self":[{"href":"https:\/\/www.radiosanctispiritus.cu\/es\/wp-json\/wp\/v2\/posts\/18176","targetHints":{"allow":["GET"]}}],"collection":[{"href":"https:\/\/www.radiosanctispiritus.cu\/es\/wp-json\/wp\/v2\/posts"}],"about":[{"href":"https:\/\/www.radiosanctispiritus.cu\/es\/wp-json\/wp\/v2\/types\/post"}],"author":[{"embeddable":true,"href":"https:\/\/www.radiosanctispiritus.cu\/es\/wp-json\/wp\/v2\/users\/163"}],"replies":[{"embeddable":true,"href":"https:\/\/www.radiosanctispiritus.cu\/es\/wp-json\/wp\/v2\/comments?post=18176"}],"version-history":[{"count":0,"href":"https:\/\/www.radiosanctispiritus.cu\/es\/wp-json\/wp\/v2\/posts\/18176\/revisions"}],"wp:featuredmedia":[{"embeddable":true,"href":"https:\/\/www.radiosanctispiritus.cu\/es\/wp-json\/wp\/v2\/media\/18177"}],"wp:attachment":[{"href":"https:\/\/www.radiosanctispiritus.cu\/es\/wp-json\/wp\/v2\/media?parent=18176"}],"wp:term":[{"taxonomy":"category","embeddable":true,"href":"https:\/\/www.radiosanctispiritus.cu\/es\/wp-json\/wp\/v2\/categories?post=18176"},{"taxonomy":"post_tag","embeddable":true,"href":"https:\/\/www.radiosanctispiritus.cu\/es\/wp-json\/wp\/v2\/tags?post=18176"},{"taxonomy":"author","embeddable":true,"href":"https:\/\/www.radiosanctispiritus.cu\/es\/wp-json\/wp\/v2\/coauthors?post=18176"}],"curies":[{"name":"wp","href":"https:\/\/api.w.org\/{rel}","templated":true}]}}