{"id":18091,"date":"2023-11-01T09:37:35","date_gmt":"2023-11-01T13:37:35","guid":{"rendered":"https:\/\/www.radiosanctispiritus.cu\/es\/?p=18091"},"modified":"2023-11-01T09:37:35","modified_gmt":"2023-11-01T13:37:35","slug":"prioriza-sector-de-la-salud-mejoras-en-la-calidad-de-los-servicios","status":"publish","type":"post","link":"https:\/\/www.radiosanctispiritus.cu\/es\/prioriza-sector-de-la-salud-mejoras-en-la-calidad-de-los-servicios\/","title":{"rendered":"Prioriza sector de la salud mejoras en la calidad de los servicios"},"content":{"rendered":"<p>El sector de la salud del municipio Sancti Sp\u00edritus desarrolla m\u00faltiples tarea para lograr el fortalecimiento de la atenci\u00f3n primaria de salud con \u00e9nfasis en las mejoras de la calidad de los servicios<\/p>\n<audio class=\"wp-audio-shortcode\" id=\"audio-18091-1\" preload=\"none\" style=\"width: 100%;\" controls=\"controls\"><source type=\"audio\/mpeg\" src=\"https:\/\/www.ivoox.com\/tony-camellon-al-dia-31-10-23_md_118789056_wp_1.mp3?_=1\" \/><a href=\"https:\/\/www.ivoox.com\/tony-camellon-al-dia-31-10-23_md_118789056_wp_1.mp3\" target=\"_blank\" rel=\"noopener\">https:\/\/www.ivoox.com\/tony-camellon-al-dia-31-10-23_md_118789056_wp_1.mp3<\/a><\/audio>\n<p>&nbsp;<\/p>\n","protected":false},"excerpt":{"rendered":"<p>El sector de la salud del municipio Sancti Sp\u00edritus desarrolla m\u00faltiples tarea para lograr el fortalecimiento de la atenci\u00f3n primaria de salud con \u00e9nfasis en las mejoras de la calidad de los servicios &nbsp;<\/p>\n","protected":false},"author":164,"featured_media":18093,"comment_status":"open","ping_status":"open","sticky":false,"template":"","format":"standard","meta":{"_acf_changed":false,"footnotes":""},"categories":[9,5],"tags":[],"coauthors":[],"class_list":["post-18091","post","type-post","status-publish","format-standard","has-post-thumbnail","hentry","category-en-audio","category-salud"],"acf":[],"_links":{"self":[{"href":"https:\/\/www.radiosanctispiritus.cu\/es\/wp-json\/wp\/v2\/posts\/18091","targetHints":{"allow":["GET"]}}],"collection":[{"href":"https:\/\/www.radiosanctispiritus.cu\/es\/wp-json\/wp\/v2\/posts"}],"about":[{"href":"https:\/\/www.radiosanctispiritus.cu\/es\/wp-json\/wp\/v2\/types\/post"}],"author":[{"embeddable":true,"href":"https:\/\/www.radiosanctispiritus.cu\/es\/wp-json\/wp\/v2\/users\/164"}],"replies":[{"embeddable":true,"href":"https:\/\/www.radiosanctispiritus.cu\/es\/wp-json\/wp\/v2\/comments?post=18091"}],"version-history":[{"count":0,"href":"https:\/\/www.radiosanctispiritus.cu\/es\/wp-json\/wp\/v2\/posts\/18091\/revisions"}],"wp:featuredmedia":[{"embeddable":true,"href":"https:\/\/www.radiosanctispiritus.cu\/es\/wp-json\/wp\/v2\/media\/18093"}],"wp:attachment":[{"href":"https:\/\/www.radiosanctispiritus.cu\/es\/wp-json\/wp\/v2\/media?parent=18091"}],"wp:term":[{"taxonomy":"category","embeddable":true,"href":"https:\/\/www.radiosanctispiritus.cu\/es\/wp-json\/wp\/v2\/categories?post=18091"},{"taxonomy":"post_tag","embeddable":true,"href":"https:\/\/www.radiosanctispiritus.cu\/es\/wp-json\/wp\/v2\/tags?post=18091"},{"taxonomy":"author","embeddable":true,"href":"https:\/\/www.radiosanctispiritus.cu\/es\/wp-json\/wp\/v2\/coauthors?post=18091"}],"curies":[{"name":"wp","href":"https:\/\/api.w.org\/{rel}","templated":true}]}}