{"id":1793,"date":"2022-09-06T06:55:14","date_gmt":"2022-09-06T10:55:14","guid":{"rendered":"https:\/\/www.radiosanctispiritus.cu\/es\/?p=1793"},"modified":"2022-09-06T06:55:14","modified_gmt":"2022-09-06T10:55:14","slug":"sistema-meteorologico-en-sancti-spiritus-garantiza-que-el-territorio-provincial-no-sea-sorprendido-por-fenomenos-peligrosos","status":"publish","type":"post","link":"https:\/\/www.radiosanctispiritus.cu\/es\/sistema-meteorologico-en-sancti-spiritus-garantiza-que-el-territorio-provincial-no-sea-sorprendido-por-fenomenos-peligrosos\/","title":{"rendered":"Sistema meteorol\u00f3gico en Sancti Sp\u00edritus garantiza que el territorio provincial no sea sorprendido por fen\u00f3menos peligrosos"},"content":{"rendered":"<p>En Sancti Sp\u00edritus el sistema meteorol\u00f3gico aprovecha el manejo de sus tecnolog\u00edas y los saberes de sus integrantes,\u00a0para\u00a0 obtener de su labor un resultado de excelencia.<\/p>\n<audio class=\"wp-audio-shortcode\" id=\"audio-1793-1\" preload=\"none\" style=\"width: 100%;\" controls=\"controls\"><source type=\"audio\/mpeg\" src=\"https:\/\/www.ivoox.com\/_md_92016617_wp_1.mp3?_=1\" \/><a href=\"https:\/\/www.ivoox.com\/_md_92016617_wp_1.mp3\" target=\"_blank\" rel=\"noopener\">https:\/\/www.ivoox.com\/_md_92016617_wp_1.mp3<\/a><\/audio>\n<p>&nbsp;<\/p>\n","protected":false},"excerpt":{"rendered":"<p>En Sancti Sp\u00edritus el sistema meteorol\u00f3gico aprovecha el manejo de sus tecnolog\u00edas y los saberes de sus integrantes, para  obtener de su labor un resultado de excelencia.<\/p>\n","protected":false},"author":28,"featured_media":1796,"comment_status":"open","ping_status":"open","sticky":false,"template":"","format":"standard","meta":{"_acf_changed":false,"footnotes":""},"categories":[8],"tags":[294],"coauthors":[],"class_list":["post-1793","post","type-post","status-publish","format-standard","has-post-thumbnail","hentry","category-noticia","tag-sistema-meteorologico"],"acf":[],"_links":{"self":[{"href":"https:\/\/www.radiosanctispiritus.cu\/es\/wp-json\/wp\/v2\/posts\/1793","targetHints":{"allow":["GET"]}}],"collection":[{"href":"https:\/\/www.radiosanctispiritus.cu\/es\/wp-json\/wp\/v2\/posts"}],"about":[{"href":"https:\/\/www.radiosanctispiritus.cu\/es\/wp-json\/wp\/v2\/types\/post"}],"author":[{"embeddable":true,"href":"https:\/\/www.radiosanctispiritus.cu\/es\/wp-json\/wp\/v2\/users\/28"}],"replies":[{"embeddable":true,"href":"https:\/\/www.radiosanctispiritus.cu\/es\/wp-json\/wp\/v2\/comments?post=1793"}],"version-history":[{"count":0,"href":"https:\/\/www.radiosanctispiritus.cu\/es\/wp-json\/wp\/v2\/posts\/1793\/revisions"}],"wp:featuredmedia":[{"embeddable":true,"href":"https:\/\/www.radiosanctispiritus.cu\/es\/wp-json\/wp\/v2\/media\/1796"}],"wp:attachment":[{"href":"https:\/\/www.radiosanctispiritus.cu\/es\/wp-json\/wp\/v2\/media?parent=1793"}],"wp:term":[{"taxonomy":"category","embeddable":true,"href":"https:\/\/www.radiosanctispiritus.cu\/es\/wp-json\/wp\/v2\/categories?post=1793"},{"taxonomy":"post_tag","embeddable":true,"href":"https:\/\/www.radiosanctispiritus.cu\/es\/wp-json\/wp\/v2\/tags?post=1793"},{"taxonomy":"author","embeddable":true,"href":"https:\/\/www.radiosanctispiritus.cu\/es\/wp-json\/wp\/v2\/coauthors?post=1793"}],"curies":[{"name":"wp","href":"https:\/\/api.w.org\/{rel}","templated":true}]}}