{"id":17864,"date":"2023-10-29T05:50:07","date_gmt":"2023-10-29T09:50:07","guid":{"rendered":"https:\/\/www.radiosanctispiritus.cu\/es\/?p=17864"},"modified":"2023-10-29T05:50:07","modified_gmt":"2023-10-29T09:50:07","slug":"musica-y-mercado","status":"publish","type":"post","link":"https:\/\/www.radiosanctispiritus.cu\/es\/musica-y-mercado\/","title":{"rendered":"M\u00fasica y mercado"},"content":{"rendered":"<p>A los cubanos, entre otros atributos,\u00a0 nos define la m\u00fasica. Son pocos en el mundo los capaces, como nosotros, de atesorar exponentes tan diversos como la trova, el son, la m\u00fasica campesina y el folclor negro con sus g\u00e9neros.<\/p>\n<p>De este modo, y si encontr\u00e1ramos v\u00edas adecuadas para comercializarla, nuestra m\u00fasica podr\u00eda erigirse en una fuente importante de ingresos para el pa\u00eds.<\/p>\n<p>No hay dudas de que la industria discogr\u00e1fica y todo cuanto genera en promoci\u00f3n y videos, es un gran consorcio mundial, con poderes para establecer figuras, dictar modas y fabricar mitos sin que est\u00e9n autentificados por la calidad.<\/p>\n<p>La propia globalizaci\u00f3n permite que las preferencias musicales se homogenicen y que solo con diferencia de horas un disco pueda ser adquirido en cualquier parte del mundo. Esto propicia que el sistema de estrellas se consolide y en \u00e9l intervengan de modo cada vez creciente atributos que nada tienen que ver con la m\u00fasica.<\/p>\n<p>Todo un andamiaje mundial sostiene a esta floreciente industria: Imagen, distribuci\u00f3n, publicaciones, esc\u00e1ndalos del coraz\u00f3n y mucho marketing sustituyen en ocasiones al verdadero talento y la autenticidad.<\/p>\n<p>Esto hace que la m\u00fasica se acompa\u00f1e entonces de un modo de actuar y consumir que imita patrones puestos en venta -sobre todo para los j\u00f3venes- por estas grandes compa\u00f1\u00edas disqueras. Para el negocio, un artista es bueno si vende: Y punto.<\/p>\n<p>En nuestro pa\u00eds la m\u00fasica es protegida por instituciones estatales que subvencionan leg\u00edtimas expresiones, para que no desaparezcan. Sin embargo, en un mundo global no podemos librarnos de productos falsificados en laboratorios de compa\u00f1\u00edas disqueras.<\/p>\n<p>Ll\u00e1mense Lambada, o Reguet\u00f3n, g\u00e9neros ef\u00edmeros y de poco valor art\u00edstico, sistem\u00e1ticamente somos invadidos por oleadas de m\u00fasica mediocre, establecidas en el gusto popular por reiteraci\u00f3n y mala pol\u00edtica de los difusores y en detrimento de los verdaderos valores.<\/p>\n<p>Pese a la calidad de nuestra m\u00fasica, a la influencia probada que ha ejercido en g\u00e9neros de alcance mundial como el jazz y a los premios que sistem\u00e1ticamente obtienen nuestros m\u00fasicos en otros escenarios no estamos en condiciones de competir con \u00e9xito en el mercado del orbe.<\/p>\n<p>Mientras tanto, aqu\u00ed en fronteras, debemos luchar por preservar mejor nuestro patrimonio musical, por hacerlo reconocido por todos los cubanos y porque tanta mala m\u00fasica for\u00e1nea no sea promocionada por desconocedores e improvisados.<\/p>\n","protected":false},"excerpt":{"rendered":"<p>En el mundo son pocos los capaces, como los cubanos, de atesorar exponentes tan diversos como la trova, el son, la m\u00fasica campesina y el folclor negro con sus g\u00e9neros.<\/p>\n","protected":false},"author":163,"featured_media":17866,"comment_status":"open","ping_status":"open","sticky":false,"template":"","format":"standard","meta":{"_acf_changed":false,"footnotes":""},"categories":[1023],"tags":[],"coauthors":[],"class_list":["post-17864","post","type-post","status-publish","format-standard","has-post-thumbnail","hentry","category-el-balcon-del-soto"],"acf":[],"_links":{"self":[{"href":"https:\/\/www.radiosanctispiritus.cu\/es\/wp-json\/wp\/v2\/posts\/17864","targetHints":{"allow":["GET"]}}],"collection":[{"href":"https:\/\/www.radiosanctispiritus.cu\/es\/wp-json\/wp\/v2\/posts"}],"about":[{"href":"https:\/\/www.radiosanctispiritus.cu\/es\/wp-json\/wp\/v2\/types\/post"}],"author":[{"embeddable":true,"href":"https:\/\/www.radiosanctispiritus.cu\/es\/wp-json\/wp\/v2\/users\/163"}],"replies":[{"embeddable":true,"href":"https:\/\/www.radiosanctispiritus.cu\/es\/wp-json\/wp\/v2\/comments?post=17864"}],"version-history":[{"count":0,"href":"https:\/\/www.radiosanctispiritus.cu\/es\/wp-json\/wp\/v2\/posts\/17864\/revisions"}],"wp:featuredmedia":[{"embeddable":true,"href":"https:\/\/www.radiosanctispiritus.cu\/es\/wp-json\/wp\/v2\/media\/17866"}],"wp:attachment":[{"href":"https:\/\/www.radiosanctispiritus.cu\/es\/wp-json\/wp\/v2\/media?parent=17864"}],"wp:term":[{"taxonomy":"category","embeddable":true,"href":"https:\/\/www.radiosanctispiritus.cu\/es\/wp-json\/wp\/v2\/categories?post=17864"},{"taxonomy":"post_tag","embeddable":true,"href":"https:\/\/www.radiosanctispiritus.cu\/es\/wp-json\/wp\/v2\/tags?post=17864"},{"taxonomy":"author","embeddable":true,"href":"https:\/\/www.radiosanctispiritus.cu\/es\/wp-json\/wp\/v2\/coauthors?post=17864"}],"curies":[{"name":"wp","href":"https:\/\/api.w.org\/{rel}","templated":true}]}}