{"id":17779,"date":"2023-10-25T05:59:46","date_gmt":"2023-10-25T09:59:46","guid":{"rendered":"https:\/\/www.radiosanctispiritus.cu\/es\/?p=17779"},"modified":"2023-10-25T05:59:46","modified_gmt":"2023-10-25T09:59:46","slug":"magali-oropesa-la-obra-de-una-gran-mujer","status":"publish","type":"post","link":"https:\/\/www.radiosanctispiritus.cu\/es\/magali-oropesa-la-obra-de-una-gran-mujer\/","title":{"rendered":"Magali Oropesa, la obra de una gran mujer"},"content":{"rendered":"<p>Sancti Sp\u00edritus cuenta con una amplia galer\u00eda de mujeres cantoras. Una de sus voces m\u00e1s emblem\u00e1ticas es Magali Oropesa.<\/p>\n<p>Nacida en esta ciudad el 19 de Julio de 1953 desde muy peque\u00f1a se inclin\u00f3 por la m\u00fasica, aunque por razones econ\u00f3micas se desempe\u00f1\u00f3 como obrera, en la F\u00e1brica Nela y en un Taller de Artesan\u00eda.<\/p>\n<p>Su trayectoria en el Movimiento de Artistas Aficionados culmina con la creaci\u00f3n, en 1970, de un D\u00fao, con Pedro de Armas, que se mantuvo actuando por m\u00e1s de Veinte a\u00f1os en Ciudad de la Habana y otros escenarios del pa\u00eds.<\/p>\n<p>A inicios de la d\u00e9cada del Noventa regresa a la ciudad que la vio nacer e integra la n\u00f3mina del Grupo <strong>Los Guanches<\/strong>, los Septetos <strong>\u00a0Juvenil <\/strong>y <strong>Espirituano<\/strong>, adem\u00e1s de realizar innumerables presentaciones como Solista.<\/p>\n<p>No es hasta el a\u00f1o 1999 que crea su propia agrupaci\u00f3n musical, que con el nombre de <strong>Magali y La Gran Jugada<\/strong>, la convirti\u00f3 en una de las artistas m\u00e1s populares de nuestro territorio. Con este colectivo, formado por m\u00fasicos espirituanos, particip\u00f3 en espect\u00e1culos y en Eventos tan importantes como el Cubadisco, adem\u00e1s de en una gira que la llev\u00f3 a Francia.<\/p>\n<p>Due\u00f1a de una potente voz y de un gracejo criollo pocas veces visto, Magali era querida y respetada por su p\u00fablico que apreciaba en ella, adem\u00e1s de sus dotes art\u00edsticas, la modestia y el carisma que la caracterizaban.<\/p>\n<p>Su repertorio, muy bien seleccionado, inclu\u00eda la m\u00fasica campesina, el son, el bolero, la trova, e incluso la m\u00fasica mejicana en la que exhib\u00eda un amplio registro.<\/p>\n<p>Magali era una mujer de pueblo, amistosa con todos, y con una arraigada vocaci\u00f3n que la llev\u00f3 a entregarnos su arte, con respeto y profesionalidad hasta el final de sus d\u00edas; la calidad interpretativa, el timbre y la fuerza que emanaban de cada interpretaci\u00f3n suya, convirtieron en muy populares entre nosotros las canciones <strong>El son para Sancti Sp\u00edritus <\/strong>y <strong>Anda y dime Preciosa. <\/strong><\/p>\n<p><strong>\u00a0<\/strong>Magali Oropesa, fue una artista que nunca olvid\u00f3 sus ra\u00edces populares y que dio lo mejor de s\u00ed a nuestra cultura.<\/p>\n<p>La m\u00fasica espirituana perdi\u00f3 a una de sus principales int\u00e9rpretes, pero su nombre pas\u00f3 a engrosar la selecta n\u00f3mina de los grandes que entregan su legado al pueblo.<\/p>\n<p>A los m\u00fasicos de la agrupaci\u00f3n que cre\u00f3 les corresponde ahora mantener ese legado y enriquecerlo, para que las generaciones que est\u00e1n por venir, no dejen de escuchar el sello particular de <strong>Magali y la Gran Jugada<\/strong>; la obra de una gran mujer.<\/p>\n","protected":false},"excerpt":{"rendered":"<p>Sancti Sp\u00edritus cuenta con una amplia galer\u00eda de mujeres cantoras. Una de sus voces m\u00e1s emblem\u00e1ticas es Magali Oropesa. Nacida en esta ciudad el 19 de Julio de 1953 desde muy peque\u00f1a se inclin\u00f3 por la m\u00fasica, aunque por razones econ\u00f3micas se desempe\u00f1\u00f3 como obrera, en la F\u00e1brica Nela y en un Taller de Artesan\u00eda. [&hellip;]<\/p>\n","protected":false},"author":163,"featured_media":17780,"comment_status":"open","ping_status":"open","sticky":false,"template":"","format":"standard","meta":{"_acf_changed":false,"footnotes":""},"categories":[1023,12],"tags":[],"coauthors":[],"class_list":["post-17779","post","type-post","status-publish","format-standard","has-post-thumbnail","hentry","category-el-balcon-del-soto","category-sugerencia"],"acf":[],"_links":{"self":[{"href":"https:\/\/www.radiosanctispiritus.cu\/es\/wp-json\/wp\/v2\/posts\/17779","targetHints":{"allow":["GET"]}}],"collection":[{"href":"https:\/\/www.radiosanctispiritus.cu\/es\/wp-json\/wp\/v2\/posts"}],"about":[{"href":"https:\/\/www.radiosanctispiritus.cu\/es\/wp-json\/wp\/v2\/types\/post"}],"author":[{"embeddable":true,"href":"https:\/\/www.radiosanctispiritus.cu\/es\/wp-json\/wp\/v2\/users\/163"}],"replies":[{"embeddable":true,"href":"https:\/\/www.radiosanctispiritus.cu\/es\/wp-json\/wp\/v2\/comments?post=17779"}],"version-history":[{"count":0,"href":"https:\/\/www.radiosanctispiritus.cu\/es\/wp-json\/wp\/v2\/posts\/17779\/revisions"}],"wp:featuredmedia":[{"embeddable":true,"href":"https:\/\/www.radiosanctispiritus.cu\/es\/wp-json\/wp\/v2\/media\/17780"}],"wp:attachment":[{"href":"https:\/\/www.radiosanctispiritus.cu\/es\/wp-json\/wp\/v2\/media?parent=17779"}],"wp:term":[{"taxonomy":"category","embeddable":true,"href":"https:\/\/www.radiosanctispiritus.cu\/es\/wp-json\/wp\/v2\/categories?post=17779"},{"taxonomy":"post_tag","embeddable":true,"href":"https:\/\/www.radiosanctispiritus.cu\/es\/wp-json\/wp\/v2\/tags?post=17779"},{"taxonomy":"author","embeddable":true,"href":"https:\/\/www.radiosanctispiritus.cu\/es\/wp-json\/wp\/v2\/coauthors?post=17779"}],"curies":[{"name":"wp","href":"https:\/\/api.w.org\/{rel}","templated":true}]}}