{"id":17559,"date":"2023-10-20T06:00:11","date_gmt":"2023-10-20T10:00:11","guid":{"rendered":"https:\/\/www.radiosanctispiritus.cu\/es\/?p=17559"},"modified":"2023-10-20T06:00:11","modified_gmt":"2023-10-20T10:00:11","slug":"el-himno-nacional-expresion-de-patriotismo-y-libertad","status":"publish","type":"post","link":"https:\/\/www.radiosanctispiritus.cu\/es\/el-himno-nacional-expresion-de-patriotismo-y-libertad\/","title":{"rendered":"El himno nacional: expresi\u00f3n de patriotismo y libertad"},"content":{"rendered":"<p style=\"text-align: center;\"><strong>Al combate corred bayameses<\/strong><\/p>\n<p style=\"text-align: center;\"><strong>Que la patria os contempla orgullosa<\/strong><\/p>\n<p style=\"text-align: center;\"><strong>No tem\u00e1is una muerte gloriosa<\/strong><\/p>\n<p style=\"text-align: center;\"><strong>Que morir por la patria es vivir.<\/strong><\/p>\n<p>El himno de Bayamo resume la vocaci\u00f3n identitaria de los cubanos, la odisea de los mambises, en nuestros sue\u00f1os infantiles, que los admira vencedores e inclaudicables.<\/p>\n<p>El himno que nos une, que tantas veces entonamos, con pasi\u00f3n, sobrecogimiento, o rabia apenas contenida.<\/p>\n<p>El clar\u00edn que nos llama al combate y que est\u00e1 indisolublemente hermanado a la bandera y el escudo.<\/p>\n<p>Himno que naci\u00f3 entre las cenizas y que resume el amor al terru\u00f1o, la valent\u00eda y la ternura de los habitantes de esta isla.<\/p>\n<p><img decoding=\"async\" class=\"aligncenter size-full wp-image-17561\" src=\"https:\/\/www.radiosanctispiritus.cu\/es\/wp-content\/uploads\/imagenes-31.jpg\" alt=\"\" width=\"532\" height=\"400\" \/>La cultura tiene ese poder de convocatoria, con un manojo de versos y unos acordes es capaz de definir como nadie el concepto de patria.<\/p>\n<p>Qu\u00e9 ser\u00edamos sin ese himno, que nos emociona cuando lo escuchamos, que nos evoca el cielo azul, y va de la efervescencia al luto m\u00e1s callado si es menester.<\/p>\n<p>No fu\u00e9ramos el pueblo que somos sin ese canto, la risa no ser\u00eda igual sin esa voluntad que vence cualquier impedimento.<\/p>\n<p>El himno nacional encarna nuestra filosof\u00eda, por ello naci\u00f3 en campa\u00f1a y tiene la vibraci\u00f3n de lo popular y lo cotidiano. Lo entonamos de pie, ceremoniosamente, porque nos exalta y nos empina, es una carta de ciudadan\u00eda y tambi\u00e9n una declaraci\u00f3n de principios.<\/p>\n<p style=\"text-align: center;\"><strong>En cadenas vivir es vivir<\/strong><strong><br \/>\nEn afrenta y oprobio sumidos<\/strong><\/p>\n<p>Hoy 20 de octubre es el d\u00eda de la Cultura Cubana, hace 155 a\u00f1os se cantaron por primera vez las notas del Himno Nacional. Expresi\u00f3n de patriotismo y libertad.<\/p>\n<p>No puede haber m\u00e1s elevada motivaci\u00f3n para festejar este d\u00eda de todos que recordar a aquellos hombres que incendiaron una ciudad y marcharon al sacrificio, con la frente bien alta y con unos deseos inmensos de cantar.<\/p>\n<p><strong>\u00a0<\/strong><\/p>\n<p>&nbsp;<\/p>\n","protected":false},"excerpt":{"rendered":"<p>Hoy 20 de octubre es el d\u00eda de la Cultura Cubana, hace 155 a\u00f1os se cantaron por primera vez las notas del Himno Nacional.<\/p>\n","protected":false},"author":163,"featured_media":17560,"comment_status":"open","ping_status":"open","sticky":false,"template":"","format":"standard","meta":{"_acf_changed":false,"footnotes":""},"categories":[1023],"tags":[],"coauthors":[],"class_list":["post-17559","post","type-post","status-publish","format-standard","has-post-thumbnail","hentry","category-el-balcon-del-soto"],"acf":[],"_links":{"self":[{"href":"https:\/\/www.radiosanctispiritus.cu\/es\/wp-json\/wp\/v2\/posts\/17559","targetHints":{"allow":["GET"]}}],"collection":[{"href":"https:\/\/www.radiosanctispiritus.cu\/es\/wp-json\/wp\/v2\/posts"}],"about":[{"href":"https:\/\/www.radiosanctispiritus.cu\/es\/wp-json\/wp\/v2\/types\/post"}],"author":[{"embeddable":true,"href":"https:\/\/www.radiosanctispiritus.cu\/es\/wp-json\/wp\/v2\/users\/163"}],"replies":[{"embeddable":true,"href":"https:\/\/www.radiosanctispiritus.cu\/es\/wp-json\/wp\/v2\/comments?post=17559"}],"version-history":[{"count":0,"href":"https:\/\/www.radiosanctispiritus.cu\/es\/wp-json\/wp\/v2\/posts\/17559\/revisions"}],"wp:featuredmedia":[{"embeddable":true,"href":"https:\/\/www.radiosanctispiritus.cu\/es\/wp-json\/wp\/v2\/media\/17560"}],"wp:attachment":[{"href":"https:\/\/www.radiosanctispiritus.cu\/es\/wp-json\/wp\/v2\/media?parent=17559"}],"wp:term":[{"taxonomy":"category","embeddable":true,"href":"https:\/\/www.radiosanctispiritus.cu\/es\/wp-json\/wp\/v2\/categories?post=17559"},{"taxonomy":"post_tag","embeddable":true,"href":"https:\/\/www.radiosanctispiritus.cu\/es\/wp-json\/wp\/v2\/tags?post=17559"},{"taxonomy":"author","embeddable":true,"href":"https:\/\/www.radiosanctispiritus.cu\/es\/wp-json\/wp\/v2\/coauthors?post=17559"}],"curies":[{"name":"wp","href":"https:\/\/api.w.org\/{rel}","templated":true}]}}