{"id":17518,"date":"2023-10-19T07:29:41","date_gmt":"2023-10-19T11:29:41","guid":{"rendered":"https:\/\/www.radiosanctispiritus.cu\/es\/?p=17518"},"modified":"2023-10-19T16:06:52","modified_gmt":"2023-10-19T20:06:52","slug":"antonio-diaz-el-pintor-de-la-ciudad","status":"publish","type":"post","link":"https:\/\/www.radiosanctispiritus.cu\/es\/antonio-diaz-el-pintor-de-la-ciudad\/","title":{"rendered":"Antonio D\u00edaz, el pintor de la ciudad"},"content":{"rendered":"<p>Sancti Spiritus es una ciudad para ser cantada.<\/p>\n<p>Su antig\u00fcedad, lo pintoresco de su arquitectura y el car\u00e1cter extrovertido de sus habitantes propician que esta villa sea uno de los sitios que m\u00e1s ha sido tema o pretexto de composiciones musicales, po\u00e9ticas y pict\u00f3ricas.<\/p>\n<p>Los espirituanos sienten una predilecci\u00f3n especial por resaltar las virtudes del terru\u00f1o que los vio nacer. As\u00ed ha sido desde siglos anteriores.<\/p>\n<p>En todas las \u00e9pocas y en lo fundamental la trova, la poes\u00eda y las artes pl\u00e1sticas han homenajeado a la ciudad con obras que la engrandecen y alaban.<\/p>\n<p>Antonio D\u00edaz es un artista que ha dedicado su vida a pintar la ciudad y sus sitios m\u00e1s entra\u00f1ables.<\/p>\n<p>Desde 1960 comenz\u00f3 a pintar, aunque en su fecunda trayectoria no solo ha incursionado en la pintura, sino tambi\u00e9n en el dibujo y la fotograf\u00eda.<\/p>\n<p>Espirituano de pura cepa, Antonio con un po\u00e9tica muy personal, nos ha redescubierto la ciudad desde una perspectiva a\u00e9rea: Sus tejados, sello personal\u00edsimo, ofrecen la dimensi\u00f3n exacta de esta villa que ya rebasa el medio milenio.<\/p>\n<p>Con una original forma de hacer donde predominan los colores oscuros, ocres y los sienas, Antonio logra la atm\u00f3sfera colonial que realza los elementos arquitect\u00f3nicos predominantes en Sancti Sp\u00edritus.<\/p>\n<p>Sus cuadros, tambi\u00e9n expresi\u00f3n de lo a\u00f1ejo y detenido en el tiempo, como fotograf\u00edas antiguas, no est\u00e1n re\u00f1idos con la b\u00fasqueda formal y lo contempor\u00e1neo.<\/p>\n<p>Con m\u00e1s de m\u00e1s de 60 a\u00f1os de vida art\u00edstica Antonio, el pintor de la ciudad, ha recogido una rica cosecha de m\u00e1s de una veintena de premios y menciones, en exposiciones, y\u00a0 realizado innumerables muestras personales y colectivas, muchas de ellas en el extranjero.<\/p>\n<p>Las obras de Antonio D\u00edaz pertenecen al patrimonio espirituano. Sus tejados, muestra del acendrado amor por esta ciudad devela su compromiso con el arte y el pueblo.<\/p>\n<p>Durante toda su vida el pintor de la ciudad no ha encontrado mayor placer que pintar a Sancti Sp\u00edritus.<\/p>\n\n\t\t<style type=\"text\/css\">\n\t\t\t#gallery-1 {\n\t\t\t\tmargin: auto;\n\t\t\t}\n\t\t\t#gallery-1 .gallery-item {\n\t\t\t\tfloat: left;\n\t\t\t\tmargin-top: 10px;\n\t\t\t\ttext-align: center;\n\t\t\t\twidth: 33%;\n\t\t\t}\n\t\t\t#gallery-1 img {\n\t\t\t\tborder: 2px solid #cfcfcf;\n\t\t\t}\n\t\t\t#gallery-1 .gallery-caption {\n\t\t\t\tmargin-left: 0;\n\t\t\t}\n\t\t\t\/* see gallery_shortcode() in wp-includes\/media.php *\/\n\t\t<\/style>\n\t\t<div id='gallery-1' class='gallery galleryid-17518 gallery-columns-3 gallery-size-thumbnail'><dl class='gallery-item'>\n\t\t\t<dt class='gallery-icon landscape'>\n\t\t\t\t<a href='https:\/\/www.radiosanctispiritus.cu\/es\/antonio-diaz-el-pintor-de-la-ciudad\/antonio-diaz-6\/'><img decoding=\"async\" width=\"80\" height=\"80\" src=\"https:\/\/www.radiosanctispiritus.cu\/es\/wp-content\/uploads\/antonio-diaz-6-80x80.jpg\" class=\"attachment-thumbnail size-thumbnail\" alt=\"\" srcset=\"https:\/\/www.radiosanctispiritus.cu\/es\/wp-content\/uploads\/antonio-diaz-6-80x80.jpg 80w, https:\/\/www.radiosanctispiritus.cu\/es\/wp-content\/uploads\/antonio-diaz-6-150x150.jpg 150w\" sizes=\"(max-width: 80px) 100vw, 80px\" \/><\/a>\n\t\t\t<\/dt><\/dl><dl class='gallery-item'>\n\t\t\t<dt class='gallery-icon landscape'>\n\t\t\t\t<a href='https:\/\/www.radiosanctispiritus.cu\/es\/antonio-diaz-el-pintor-de-la-ciudad\/antonio-diaz-5\/'><img decoding=\"async\" width=\"80\" height=\"80\" src=\"https:\/\/www.radiosanctispiritus.cu\/es\/wp-content\/uploads\/antonio-diaz-5-80x80.jpg\" class=\"attachment-thumbnail size-thumbnail\" alt=\"\" srcset=\"https:\/\/www.radiosanctispiritus.cu\/es\/wp-content\/uploads\/antonio-diaz-5-80x80.jpg 80w, https:\/\/www.radiosanctispiritus.cu\/es\/wp-content\/uploads\/antonio-diaz-5-150x150.jpg 150w\" sizes=\"(max-width: 80px) 100vw, 80px\" \/><\/a>\n\t\t\t<\/dt><\/dl><dl class='gallery-item'>\n\t\t\t<dt class='gallery-icon landscape'>\n\t\t\t\t<a href='https:\/\/www.radiosanctispiritus.cu\/es\/antonio-diaz-el-pintor-de-la-ciudad\/antonio-diaz-4\/'><img decoding=\"async\" width=\"80\" height=\"80\" src=\"https:\/\/www.radiosanctispiritus.cu\/es\/wp-content\/uploads\/antonio-diaz-4-80x80.jpg\" class=\"attachment-thumbnail size-thumbnail\" alt=\"\" srcset=\"https:\/\/www.radiosanctispiritus.cu\/es\/wp-content\/uploads\/antonio-diaz-4-80x80.jpg 80w, https:\/\/www.radiosanctispiritus.cu\/es\/wp-content\/uploads\/antonio-diaz-4-150x150.jpg 150w\" sizes=\"(max-width: 80px) 100vw, 80px\" \/><\/a>\n\t\t\t<\/dt><\/dl><br style=\"clear: both\" \/><dl class='gallery-item'>\n\t\t\t<dt class='gallery-icon portrait'>\n\t\t\t\t<a href='https:\/\/www.radiosanctispiritus.cu\/es\/antonio-diaz-el-pintor-de-la-ciudad\/antonio-diaz-3\/'><img decoding=\"async\" width=\"80\" height=\"80\" src=\"https:\/\/www.radiosanctispiritus.cu\/es\/wp-content\/uploads\/antonio-diaz-3-80x80.jpg\" class=\"attachment-thumbnail size-thumbnail\" alt=\"\" srcset=\"https:\/\/www.radiosanctispiritus.cu\/es\/wp-content\/uploads\/antonio-diaz-3-80x80.jpg 80w, https:\/\/www.radiosanctispiritus.cu\/es\/wp-content\/uploads\/antonio-diaz-3-150x150.jpg 150w\" sizes=\"(max-width: 80px) 100vw, 80px\" \/><\/a>\n\t\t\t<\/dt><\/dl><dl class='gallery-item'>\n\t\t\t<dt class='gallery-icon landscape'>\n\t\t\t\t<a href='https:\/\/www.radiosanctispiritus.cu\/es\/antonio-diaz-el-pintor-de-la-ciudad\/antonio-diaz-1\/'><img decoding=\"async\" width=\"80\" height=\"80\" src=\"https:\/\/www.radiosanctispiritus.cu\/es\/wp-content\/uploads\/antonio-diaz-1-80x80.jpg\" class=\"attachment-thumbnail size-thumbnail\" alt=\"\" srcset=\"https:\/\/www.radiosanctispiritus.cu\/es\/wp-content\/uploads\/antonio-diaz-1-80x80.jpg 80w, https:\/\/www.radiosanctispiritus.cu\/es\/wp-content\/uploads\/antonio-diaz-1-150x150.jpg 150w\" sizes=\"(max-width: 80px) 100vw, 80px\" \/><\/a>\n\t\t\t<\/dt><\/dl>\n\t\t\t<br style='clear: both' \/>\n\t\t<\/div>\n\n<p>&nbsp;<\/p>\n","protected":false},"excerpt":{"rendered":"<p>Sancti Spiritus es una ciudad para ser cantada. Su antig\u00fcedad, lo pintoresco de su arquitectura y el car\u00e1cter extrovertido de sus habitantes propician que esta villa sea uno de los sitios que m\u00e1s ha sido tema o pretexto de composiciones musicales, po\u00e9ticas y pict\u00f3ricas. Los espirituanos sienten una predilecci\u00f3n especial por resaltar las virtudes del [&hellip;]<\/p>\n","protected":false},"author":163,"featured_media":17520,"comment_status":"open","ping_status":"open","sticky":false,"template":"","format":"standard","meta":{"_acf_changed":false,"footnotes":""},"categories":[1023,12],"tags":[],"coauthors":[],"class_list":["post-17518","post","type-post","status-publish","format-standard","has-post-thumbnail","hentry","category-el-balcon-del-soto","category-sugerencia"],"acf":[],"_links":{"self":[{"href":"https:\/\/www.radiosanctispiritus.cu\/es\/wp-json\/wp\/v2\/posts\/17518","targetHints":{"allow":["GET"]}}],"collection":[{"href":"https:\/\/www.radiosanctispiritus.cu\/es\/wp-json\/wp\/v2\/posts"}],"about":[{"href":"https:\/\/www.radiosanctispiritus.cu\/es\/wp-json\/wp\/v2\/types\/post"}],"author":[{"embeddable":true,"href":"https:\/\/www.radiosanctispiritus.cu\/es\/wp-json\/wp\/v2\/users\/163"}],"replies":[{"embeddable":true,"href":"https:\/\/www.radiosanctispiritus.cu\/es\/wp-json\/wp\/v2\/comments?post=17518"}],"version-history":[{"count":0,"href":"https:\/\/www.radiosanctispiritus.cu\/es\/wp-json\/wp\/v2\/posts\/17518\/revisions"}],"wp:featuredmedia":[{"embeddable":true,"href":"https:\/\/www.radiosanctispiritus.cu\/es\/wp-json\/wp\/v2\/media\/17520"}],"wp:attachment":[{"href":"https:\/\/www.radiosanctispiritus.cu\/es\/wp-json\/wp\/v2\/media?parent=17518"}],"wp:term":[{"taxonomy":"category","embeddable":true,"href":"https:\/\/www.radiosanctispiritus.cu\/es\/wp-json\/wp\/v2\/categories?post=17518"},{"taxonomy":"post_tag","embeddable":true,"href":"https:\/\/www.radiosanctispiritus.cu\/es\/wp-json\/wp\/v2\/tags?post=17518"},{"taxonomy":"author","embeddable":true,"href":"https:\/\/www.radiosanctispiritus.cu\/es\/wp-json\/wp\/v2\/coauthors?post=17518"}],"curies":[{"name":"wp","href":"https:\/\/api.w.org\/{rel}","templated":true}]}}