{"id":17106,"date":"2023-10-09T06:51:48","date_gmt":"2023-10-09T10:51:48","guid":{"rendered":"https:\/\/www.radiosanctispiritus.cu\/es\/?p=17106"},"modified":"2023-10-09T06:51:48","modified_gmt":"2023-10-09T10:51:48","slug":"este-lunes-feria-tecnologica-en-bandec","status":"publish","type":"post","link":"https:\/\/www.radiosanctispiritus.cu\/es\/este-lunes-feria-tecnologica-en-bandec\/","title":{"rendered":"Este lunes Feria tecnol\u00f3gica en BANDEC"},"content":{"rendered":"<p>A tono con el proceso de bancarizaci\u00f3n aprobado recientemente en el pa\u00eds este \u00a0lunes el Banco de Cr\u00e9dito y \u00a0Comercio de Sancti Sp\u00edritus abrir\u00e1 sus puertas de par en par para acoger a los interesados en participar en una Feria tecnol\u00f3gica.<\/p>\n<audio class=\"wp-audio-shortcode\" id=\"audio-17106-1\" preload=\"none\" style=\"width: 100%;\" controls=\"controls\"><source type=\"audio\/mpeg\" src=\"https:\/\/www.ivoox.com\/juan-carlos-castellon-al-dia-5-10-23_md_117291477_wp_1.mp3?_=1\" \/><a href=\"https:\/\/www.ivoox.com\/juan-carlos-castellon-al-dia-5-10-23_md_117291477_wp_1.mp3\" target=\"_blank\" rel=\"noopener\">https:\/\/www.ivoox.com\/juan-carlos-castellon-al-dia-5-10-23_md_117291477_wp_1.mp3<\/a><\/audio>\n<p>&nbsp;<\/p>\n","protected":false},"excerpt":{"rendered":"<p>A tono con el proceso de bancarizaci\u00f3n aprobado recientemente en el pa\u00eds este  lunes el Banco de Cr\u00e9dito y  Comercio de Sancti Sp\u00edritus abrir\u00e1 sus puertas de par en par para acoger a los interesados en participar en una Feria tecnol\u00f3gica.<\/p>\n","protected":false},"author":147,"featured_media":669,"comment_status":"open","ping_status":"open","sticky":false,"template":"","format":"standard","meta":{"_acf_changed":false,"footnotes":""},"categories":[1],"tags":[],"coauthors":[],"class_list":["post-17106","post","type-post","status-publish","format-standard","has-post-thumbnail","hentry","category-sancti-spiritus"],"acf":[],"_links":{"self":[{"href":"https:\/\/www.radiosanctispiritus.cu\/es\/wp-json\/wp\/v2\/posts\/17106","targetHints":{"allow":["GET"]}}],"collection":[{"href":"https:\/\/www.radiosanctispiritus.cu\/es\/wp-json\/wp\/v2\/posts"}],"about":[{"href":"https:\/\/www.radiosanctispiritus.cu\/es\/wp-json\/wp\/v2\/types\/post"}],"author":[{"embeddable":true,"href":"https:\/\/www.radiosanctispiritus.cu\/es\/wp-json\/wp\/v2\/users\/147"}],"replies":[{"embeddable":true,"href":"https:\/\/www.radiosanctispiritus.cu\/es\/wp-json\/wp\/v2\/comments?post=17106"}],"version-history":[{"count":0,"href":"https:\/\/www.radiosanctispiritus.cu\/es\/wp-json\/wp\/v2\/posts\/17106\/revisions"}],"wp:featuredmedia":[{"embeddable":true,"href":"https:\/\/www.radiosanctispiritus.cu\/es\/wp-json\/wp\/v2\/media\/669"}],"wp:attachment":[{"href":"https:\/\/www.radiosanctispiritus.cu\/es\/wp-json\/wp\/v2\/media?parent=17106"}],"wp:term":[{"taxonomy":"category","embeddable":true,"href":"https:\/\/www.radiosanctispiritus.cu\/es\/wp-json\/wp\/v2\/categories?post=17106"},{"taxonomy":"post_tag","embeddable":true,"href":"https:\/\/www.radiosanctispiritus.cu\/es\/wp-json\/wp\/v2\/tags?post=17106"},{"taxonomy":"author","embeddable":true,"href":"https:\/\/www.radiosanctispiritus.cu\/es\/wp-json\/wp\/v2\/coauthors?post=17106"}],"curies":[{"name":"wp","href":"https:\/\/api.w.org\/{rel}","templated":true}]}}