{"id":17099,"date":"2023-10-07T00:05:26","date_gmt":"2023-10-07T04:05:26","guid":{"rendered":"https:\/\/www.radiosanctispiritus.cu\/es\/?p=17099"},"modified":"2023-10-07T00:05:26","modified_gmt":"2023-10-07T04:05:26","slug":"diaz-canel-reconoce-apoyo-de-pma-a-cuba","status":"publish","type":"post","link":"https:\/\/www.radiosanctispiritus.cu\/es\/diaz-canel-reconoce-apoyo-de-pma-a-cuba\/","title":{"rendered":"D\u00edaz-Canel reconoce apoyo de PMA a Cuba"},"content":{"rendered":"<p>El presidente de Cuba, Miguel D\u00edaz-Canel, agradeci\u00f3 este viernes al Programa Mundial de Alimentos (PMA) por su apoyo al pa\u00eds caribe\u00f1o, con diversas iniciativas en las \u00faltimas d\u00e9cadas.<\/p>\n<p>Durante un encuentro con la directora regional para Am\u00e9rica Latina y el Caribe del PMA, Mar\u00eda Dolores Castro, el mandatario destac\u00f3 cu\u00e1nto ha hecho la organizaci\u00f3n por la isla en varios \u00e1mbitos como el sistema de atenci\u00f3n a la familia y de merienda escolar y el desarrollo de producciones agropecuarias.<\/p>\n<p>Seg\u00fan un reporte de la televisi\u00f3n nacional, D\u00edaz-Canel apreci\u00f3 la rapidez con que act\u00faa el PMA en situaciones de desastre natural en el pa\u00eds caribe\u00f1o, al tiempo que resalt\u00f3 el apoyo del programa en la conformaci\u00f3n de la Ley de Soberan\u00eda Alimentaria y Educaci\u00f3n Nutricional.<\/p>\n<p>El jefe de Estado reiter\u00f3 a Castro la disposici\u00f3n de Cuba de seguir fortaleciendo el trabajo con el PMA para desarrollar proyectos conjuntos o triangulares.<\/p>\n<p>Al concluir el encuentro, la directora regional destac\u00f3 los v\u00ednculos que por 60 a\u00f1os ha mantenido la organizaci\u00f3n con Cuba, periodo en el cual se han desarrollado numerosos proyectos conjuntos.<\/p>\n<p>Explic\u00f3 que el PMA trabaja en varias estrategias junto al Gobierno cubano, como mantener siempre la disponibilidad de alimentos ante una situaci\u00f3n de desastres, el establecimiento de un fondo clim\u00e1tico, as\u00ed como de micros y macros seguros que apoyen a los damnificados tras el paso de fen\u00f3menos naturales.<\/p>\n","protected":false},"excerpt":{"rendered":"<p>El presidente de Cuba, Miguel D\u00edaz-Canel, agradeci\u00f3 este viernes al Programa Mundial de Alimentos (PMA) por su apoyo al pa\u00eds caribe\u00f1o, con diversas iniciativas en las \u00faltimas d\u00e9cadas.<\/p>\n","protected":false},"author":22,"featured_media":17101,"comment_status":"open","ping_status":"open","sticky":false,"template":"","format":"standard","meta":{"_acf_changed":false,"footnotes":""},"categories":[3,8],"tags":[1011,28,1012],"coauthors":[],"class_list":["post-17099","post","type-post","status-publish","format-standard","has-post-thumbnail","hentry","category-cuba","category-noticia","tag-cuba-pma","tag-miguel-diaz-canel","tag-programa-mundial-de-alimentos"],"acf":[],"_links":{"self":[{"href":"https:\/\/www.radiosanctispiritus.cu\/es\/wp-json\/wp\/v2\/posts\/17099","targetHints":{"allow":["GET"]}}],"collection":[{"href":"https:\/\/www.radiosanctispiritus.cu\/es\/wp-json\/wp\/v2\/posts"}],"about":[{"href":"https:\/\/www.radiosanctispiritus.cu\/es\/wp-json\/wp\/v2\/types\/post"}],"author":[{"embeddable":true,"href":"https:\/\/www.radiosanctispiritus.cu\/es\/wp-json\/wp\/v2\/users\/22"}],"replies":[{"embeddable":true,"href":"https:\/\/www.radiosanctispiritus.cu\/es\/wp-json\/wp\/v2\/comments?post=17099"}],"version-history":[{"count":0,"href":"https:\/\/www.radiosanctispiritus.cu\/es\/wp-json\/wp\/v2\/posts\/17099\/revisions"}],"wp:featuredmedia":[{"embeddable":true,"href":"https:\/\/www.radiosanctispiritus.cu\/es\/wp-json\/wp\/v2\/media\/17101"}],"wp:attachment":[{"href":"https:\/\/www.radiosanctispiritus.cu\/es\/wp-json\/wp\/v2\/media?parent=17099"}],"wp:term":[{"taxonomy":"category","embeddable":true,"href":"https:\/\/www.radiosanctispiritus.cu\/es\/wp-json\/wp\/v2\/categories?post=17099"},{"taxonomy":"post_tag","embeddable":true,"href":"https:\/\/www.radiosanctispiritus.cu\/es\/wp-json\/wp\/v2\/tags?post=17099"},{"taxonomy":"author","embeddable":true,"href":"https:\/\/www.radiosanctispiritus.cu\/es\/wp-json\/wp\/v2\/coauthors?post=17099"}],"curies":[{"name":"wp","href":"https:\/\/api.w.org\/{rel}","templated":true}]}}