{"id":17017,"date":"2023-10-04T21:22:33","date_gmt":"2023-10-05T01:22:33","guid":{"rendered":"https:\/\/www.radiosanctispiritus.cu\/es\/?p=17017"},"modified":"2023-10-04T21:22:33","modified_gmt":"2023-10-05T01:22:33","slug":"evidencia-macrorrueda-de-negocio-en-cuba-potencialidad-de-america-latina","status":"publish","type":"post","link":"https:\/\/www.radiosanctispiritus.cu\/es\/evidencia-macrorrueda-de-negocio-en-cuba-potencialidad-de-america-latina\/","title":{"rendered":"Evidencia macrorrueda de negocio en Cuba potencialidad de Am\u00e9rica Latina"},"content":{"rendered":"<p>La macrorrueda de negocios de la Asociaci\u00f3n Latinoamericana de Integraci\u00f3n (Aladi) culminada este mi\u00e9rcoles mostr\u00f3 la potencialidad comercial de la regi\u00f3n y la posibilidad de desarrollar inversiones y producciones conjuntas para terceros mercados.<\/p>\n<p>As\u00ed manifest\u00f3 a Prensa Latina la directora de Pol\u00edtica Comercial para Am\u00e9rica Latina y el Caribe del Ministerio del Comercio Exterior y la Inversi\u00f3n Extranjera de Cuba, Janet Fern\u00e1ndez, durante un aparte en la cita, con sede en el capitalino recinto ferial habanero de Pabexpo.<\/p>\n<p>La funcionaria afirm\u00f3 que las empresas cubanas tuvieron durante este foro un espacio que posibilit\u00f3 la relaci\u00f3n con sus similares de los otros 12 pa\u00edses miembros de la Aladi, un organismo intergubernamental que promueve el desarrollo econ\u00f3mico y social, arm\u00f3nico y equilibrado de los pa\u00edses miembros mediante la integraci\u00f3n econ\u00f3mica regional.<\/p>\n<p>Dicho encuentro permiti\u00f3 adem\u00e1s a las entidades locales identificar nuevos proveedores para el mercado nacional y sobre todo mostrar los productos de exportaci\u00f3n de la isla caribe\u00f1a hacia la regi\u00f3n.<\/p>\n<p>Ejemplific\u00f3 que en el caso de Cuba, con algunas capacidades ociosas en la industria, que requiere de materia prima, esta macrorrueda de negocios signific\u00f3 un espacio para identificar a esos proveedores para hacer las producciones y lograr exportaciones.<\/p>\n<p>Para las empresas cubanas \u00e9sta result\u00f3 una oportunidad muy importante para poder interactuar y mostrar sus posibilidades, as\u00ed como negociar cara a cara con los empresarios extranjeros, que est\u00e1n en el orden de las 270 compa\u00f1\u00edas asistentes a la macrorrueda de negocios.<\/p>\n<p>Dicho evento anual, el primero que se lleva a cabo en el Caribe, presenci\u00f3 alrededor de dos mil 500 citas comerciales confirmadas entre empresarios de Argentina, Bolivia, Brasil, Chile, Colombia, Cuba, Ecuador, M\u00e9xico, Panam\u00e1, Paraguay, Per\u00fa, Uruguay y Venezuela.<\/p>\n<p>Expoaladi 2023 retom\u00f3 el car\u00e1cter presencial luego de tres a\u00f1os de participaci\u00f3n virtual, debido al confinamiento generado por la pandemia de la Covid-19, y cont\u00f3 con la asistencia de delegaciones de los 13 pa\u00edses miembros.<\/p>\n<p>A la d\u00e9cima edici\u00f3n de este evento concurrieron 364 empresas de esas 13 naciones latinoamericanas, de ellas 208 exportadoras y 156 importadoras.<\/p>\n<p>El foro de dos d\u00edas de duraci\u00f3n constituy\u00f3 una oportunidad para las entidades cubanas, cuyas operaciones comerciales y financieras son obstaculizadas por el genocida bloqueo econ\u00f3mico impuesto hace m\u00e1s de 60 a\u00f1os por el gobierno de Estados Unidos, que afecta considerablemente a la poblaci\u00f3n cubana.<\/p>\n<p>A la inauguraci\u00f3n del evento el pasado lunes en el Palacio de Convenciones de La Habana asistieron el presidente cubano, Miguel D\u00edaz-Canel; el primer ministro, Manuel Marrero; el viceprimer ministro Jorge Luis Perdomo, y la viceministra primera de Comercio Exterior y la Inversi\u00f3n Extranjera, Ana Teresita Gonz\u00e1lez.<\/p>\n<p>Por la Asociaci\u00f3n Latinoamericana de Integraci\u00f3n asisti\u00f3 la subsecretaria de Cooperaci\u00f3n, Asistencia T\u00e9cnica y Apoyo a los Pa\u00edses de Menor Desarrollo Econ\u00f3mico Relativo, M\u00f3nica Mart\u00ednez Mendui\u00f1o.<\/p>\n","protected":false},"excerpt":{"rendered":"<p>La macrorrueda de negocios de la Asociaci\u00f3n Latinoamericana de Integraci\u00f3n (Aladi) culminada este mi\u00e9rcoles mostr\u00f3 la potencialidad comercial de la regi\u00f3n y la posibilidad de desarrollar inversiones y producciones conjuntas para terceros mercados.<\/p>\n","protected":false},"author":22,"featured_media":17018,"comment_status":"open","ping_status":"open","sticky":false,"template":"","format":"standard","meta":{"_acf_changed":false,"footnotes":""},"categories":[3,8],"tags":[1009,1008],"coauthors":[],"class_list":["post-17017","post","type-post","status-publish","format-standard","has-post-thumbnail","hentry","category-cuba","category-noticia","tag-cuba-latinoamerica","tag-integracion"],"acf":[],"_links":{"self":[{"href":"https:\/\/www.radiosanctispiritus.cu\/es\/wp-json\/wp\/v2\/posts\/17017","targetHints":{"allow":["GET"]}}],"collection":[{"href":"https:\/\/www.radiosanctispiritus.cu\/es\/wp-json\/wp\/v2\/posts"}],"about":[{"href":"https:\/\/www.radiosanctispiritus.cu\/es\/wp-json\/wp\/v2\/types\/post"}],"author":[{"embeddable":true,"href":"https:\/\/www.radiosanctispiritus.cu\/es\/wp-json\/wp\/v2\/users\/22"}],"replies":[{"embeddable":true,"href":"https:\/\/www.radiosanctispiritus.cu\/es\/wp-json\/wp\/v2\/comments?post=17017"}],"version-history":[{"count":0,"href":"https:\/\/www.radiosanctispiritus.cu\/es\/wp-json\/wp\/v2\/posts\/17017\/revisions"}],"wp:featuredmedia":[{"embeddable":true,"href":"https:\/\/www.radiosanctispiritus.cu\/es\/wp-json\/wp\/v2\/media\/17018"}],"wp:attachment":[{"href":"https:\/\/www.radiosanctispiritus.cu\/es\/wp-json\/wp\/v2\/media?parent=17017"}],"wp:term":[{"taxonomy":"category","embeddable":true,"href":"https:\/\/www.radiosanctispiritus.cu\/es\/wp-json\/wp\/v2\/categories?post=17017"},{"taxonomy":"post_tag","embeddable":true,"href":"https:\/\/www.radiosanctispiritus.cu\/es\/wp-json\/wp\/v2\/tags?post=17017"},{"taxonomy":"author","embeddable":true,"href":"https:\/\/www.radiosanctispiritus.cu\/es\/wp-json\/wp\/v2\/coauthors?post=17017"}],"curies":[{"name":"wp","href":"https:\/\/api.w.org\/{rel}","templated":true}]}}