{"id":16605,"date":"2023-09-23T22:02:28","date_gmt":"2023-09-24T02:02:28","guid":{"rendered":"https:\/\/www.radiosanctispiritus.cu\/es\/?p=16605"},"modified":"2023-09-23T22:20:08","modified_gmt":"2023-09-24T02:20:08","slug":"consejo-politico-del-alba-tcp-sostiene-encuentro-en-nueva-york","status":"publish","type":"post","link":"https:\/\/www.radiosanctispiritus.cu\/es\/consejo-politico-del-alba-tcp-sostiene-encuentro-en-nueva-york\/","title":{"rendered":"Consejo Pol\u00edtico del ALBA-TCP sostiene encuentro en Nueva York"},"content":{"rendered":"<p>El Consejo Pol\u00edtico de la Alianza Bolivariana para los Pueblos de Nuestra Am\u00e9rica-Tratado de Comercio de los Pueblos (ALBA-TCP) se reuni\u00f3 este s\u00e1bado en Nueva York, en el contexto de la 78 Asamblea General de la ONU.<\/p>\n<p>Tuvimos el honor de albergar en la sede de la Misi\u00f3n Permanente de Venezuela en las Naciones Unidas la reuni\u00f3n, divulg\u00f3 en su cuenta X, antes Twitter, el ministro bolivariano de Relaciones Exteriores, Yv\u00e1n Gil.<\/p>\n<p>El encuentro de las autoridades del bloque participantes, incluido el secretario ejecutivo del ALBA-TCP, F\u00e9lix Plasencia, sirvi\u00f3 para seguir trabajando por el sue\u00f1o de Bol\u00edvar y del comandante Hugo Ch\u00e1vez de consolidar la integraci\u00f3n latinoamericana y caribe\u00f1a, indic\u00f3.<\/p>\n<blockquote class=\"twitter-tweet\">\n<p dir=\"ltr\" lang=\"es\">En reuni\u00f3n del Consejo Pol\u00edtico del <a href=\"https:\/\/twitter.com\/hashtag\/ALBATCP?src=hash&amp;ref_src=twsrc%5Etfw\" target=\"_blank\" rel=\"noopener noreferrer nofollow\">#ALBATCP<\/a>, reiter\u00e9 compromiso de <a href=\"https:\/\/twitter.com\/hashtag\/Cuba?src=hash&amp;ref_src=twsrc%5Etfw\" target=\"_blank\" rel=\"noopener noreferrer nofollow\">#Cuba<\/a> con la unidad, solidaridad y fortalecimiento de nuestros mecanismos de integraci\u00f3n y concertaci\u00f3n pol\u00edtica.<\/p>\n<p>Denunciamos af\u00e1n de los poderes imperiales de sembrar desuni\u00f3n, incertidumbre y desesperanza. <a href=\"https:\/\/t.co\/iP47R46G2L\" target=\"_blank\" rel=\"noopener noreferrer nofollow\">pic.twitter.com\/iP47R46G2L<\/a><\/p>\n<p>\u2014 Bruno Rodr\u00edguez P (@BrunoRguezP) <a href=\"https:\/\/twitter.com\/BrunoRguezP\/status\/1705642583412604990?ref_src=twsrc%5Etfw\" target=\"_blank\" rel=\"noopener noreferrer nofollow\">September 23, 2023<\/a><\/p><\/blockquote>\n<p><script async src=\"https:\/\/platform.twitter.com\/widgets.js\" charset=\"utf-8\"><\/script><\/p>\n<p>La Alianza surgi\u00f3 el 14 de diciembre de 2004 a propuesta de los l\u00edderes Fidel Castro (1926-2016) y Ch\u00e1vez (1954-2013) y est\u00e1 integrada por Cuba, Venezuela, Bolivia, Nicaragua, Antigua y Barbuda, Dominica, Granada, San Crist\u00f3bal y Nieves, San Vicente y las Granadinas, y Santa Luc\u00eda.<\/p>\n","protected":false},"excerpt":{"rendered":"<p>El Consejo Pol\u00edtico de la Alianza Bolivariana para los Pueblos de Nuestra Am\u00e9rica-Tratado de Comercio de los Pueblos se reuni\u00f3 este s\u00e1bado en Nueva York, en el contexto de la 78 Asamblea General de la ONU.<\/p>\n","protected":false},"author":22,"featured_media":16606,"comment_status":"open","ping_status":"open","sticky":false,"template":"","format":"standard","meta":{"_acf_changed":false,"footnotes":""},"categories":[3,8],"tags":[380,361],"coauthors":[],"class_list":["post-16605","post","type-post","status-publish","format-standard","has-post-thumbnail","hentry","category-cuba","category-noticia","tag-alba-tcp","tag-cuba-onu"],"acf":[],"_links":{"self":[{"href":"https:\/\/www.radiosanctispiritus.cu\/es\/wp-json\/wp\/v2\/posts\/16605","targetHints":{"allow":["GET"]}}],"collection":[{"href":"https:\/\/www.radiosanctispiritus.cu\/es\/wp-json\/wp\/v2\/posts"}],"about":[{"href":"https:\/\/www.radiosanctispiritus.cu\/es\/wp-json\/wp\/v2\/types\/post"}],"author":[{"embeddable":true,"href":"https:\/\/www.radiosanctispiritus.cu\/es\/wp-json\/wp\/v2\/users\/22"}],"replies":[{"embeddable":true,"href":"https:\/\/www.radiosanctispiritus.cu\/es\/wp-json\/wp\/v2\/comments?post=16605"}],"version-history":[{"count":0,"href":"https:\/\/www.radiosanctispiritus.cu\/es\/wp-json\/wp\/v2\/posts\/16605\/revisions"}],"wp:featuredmedia":[{"embeddable":true,"href":"https:\/\/www.radiosanctispiritus.cu\/es\/wp-json\/wp\/v2\/media\/16606"}],"wp:attachment":[{"href":"https:\/\/www.radiosanctispiritus.cu\/es\/wp-json\/wp\/v2\/media?parent=16605"}],"wp:term":[{"taxonomy":"category","embeddable":true,"href":"https:\/\/www.radiosanctispiritus.cu\/es\/wp-json\/wp\/v2\/categories?post=16605"},{"taxonomy":"post_tag","embeddable":true,"href":"https:\/\/www.radiosanctispiritus.cu\/es\/wp-json\/wp\/v2\/tags?post=16605"},{"taxonomy":"author","embeddable":true,"href":"https:\/\/www.radiosanctispiritus.cu\/es\/wp-json\/wp\/v2\/coauthors?post=16605"}],"curies":[{"name":"wp","href":"https:\/\/api.w.org\/{rel}","templated":true}]}}