{"id":16065,"date":"2023-09-09T20:59:41","date_gmt":"2023-09-10T00:59:41","guid":{"rendered":"https:\/\/www.radiosanctispiritus.cu\/es\/?p=16065"},"modified":"2023-09-09T20:59:41","modified_gmt":"2023-09-10T00:59:41","slug":"lamenta-presidente-cubano-perdidas-humanas-por-terremoto-en-marruecos","status":"publish","type":"post","link":"https:\/\/www.radiosanctispiritus.cu\/es\/lamenta-presidente-cubano-perdidas-humanas-por-terremoto-en-marruecos\/","title":{"rendered":"Lamenta presidente cubano p\u00e9rdidas humanas por terremoto en Marruecos"},"content":{"rendered":"<p>El presidente de Cuba, Miguel D\u00edaz-Canel, expres\u00f3 este s\u00e1bado su profundo pesar al pueblo y gobierno de Marruecos por las lamentables p\u00e9rdidas de vidas humanas y materiales causadas por el terremoto que afect\u00f3 a esa naci\u00f3n.<\/p>\n<p>En su perfil de X, antes Twitter, el jefe de Estado envi\u00f3 sentidas condolencias a los familiares y seres queridos de las v\u00edctimas del movimiento tel\u00farico de magnitud 6.8 que sacudi\u00f3 el territorio marroqu\u00ed la noche de este viernes.<\/p>\n<p>De su parte, el canciller de la isla caribe\u00f1a, Bruno Rodr\u00edguez, tambi\u00e9n se solidariz\u00f3 con los familiares y allegados de quienes perdieron la vida en la cat\u00e1strofe, y dese\u00f3 pronta recuperaci\u00f3n a las autoridades del pa\u00eds \u00e1rabe.<\/p>\n<p><strong>Cifra de v\u00edctimas por devastador terremoto en Marruecos sobrepasa las dos mil<\/strong><\/p>\n<p>El n\u00famero de v\u00edctimas mortales del potente terremoto que sacudi\u00f3 Marruecos la pasada noche ascendi\u00f3 a 2.012, informa el Ministerio del Interior del pa\u00eds.\u00a0Adem\u00e1s, seg\u00fan los datos oficiales, el desastre natural dej\u00f3\u00a02.059 heridos, m\u00e1s de\u00a01.400 de ellos en estado grave.<\/p>\n<p>Al mismo tiempo, el n\u00famero de personas afectadas aumenta a medida que los servicios de emergencia y rescate intentan acceder a las comunidades m\u00e1s remotas y rurales al suroeste de la ciudad de Marrakech, donde se ubic\u00f3 el epicentro del sismo de magnitud 6,9.<\/p>\n<p>El sismo sacudi\u00f3 algunas de las principales ciudades del pa\u00eds, como Rabat, Casablanca, Marrakech y Esauira. En el caso de Marrakech, testigos declararon que algunos edificios se hab\u00edan derrumbado y se observaron grandes grietas en una secci\u00f3n de las murallas de la ciudad, considerada Patrimonio de la Humanidad por la Unesco.<\/p>\n<p>Se trata de uno de los terremotos m\u00e1s fuertes ocurridos en Marruecos en los \u00faltimos a\u00f1os. En 1960, un sismo de magnitud 6,7 en la ciudad de Agadir provoc\u00f3 la muerte de 12.000 personas. En 2004, al menos 628 personas murieron y 926 resultaron heridas despu\u00e9s de que un sismo sacudiera la ciudad de Alhucemas, en el noreste del pa\u00eds.<\/p>\n<p>El movimiento tel\u00farico m\u00e1s destructivo en la historia de la regi\u00f3n tuvo lugar en 1980 en la ciudad de El-Asnam (Argelia), causando la muerte 2.500 personas y dejando a 300.000 sin hogar. El sismo tuvo una magnitud de 7,3.<\/p>\n<p><strong>(Con informaci\u00f3n de RT)<\/strong><\/p>\n","protected":false},"excerpt":{"rendered":"<p>El presidente de Cuba, Miguel D\u00edaz-Canel, expres\u00f3 este s\u00e1bado su profundo pesar al pueblo y gobierno de Marruecos por las lamentables p\u00e9rdidas de vidas humanas y materiales causadas por el terremoto que afect\u00f3 a esa naci\u00f3n.<\/p>\n","protected":false},"author":22,"featured_media":16066,"comment_status":"open","ping_status":"open","sticky":false,"template":"","format":"standard","meta":{"_acf_changed":false,"footnotes":""},"categories":[3,8],"tags":[981,28,667],"coauthors":[],"class_list":["post-16065","post","type-post","status-publish","format-standard","has-post-thumbnail","hentry","category-cuba","category-noticia","tag-marruecos","tag-miguel-diaz-canel","tag-terremoto"],"acf":[],"_links":{"self":[{"href":"https:\/\/www.radiosanctispiritus.cu\/es\/wp-json\/wp\/v2\/posts\/16065","targetHints":{"allow":["GET"]}}],"collection":[{"href":"https:\/\/www.radiosanctispiritus.cu\/es\/wp-json\/wp\/v2\/posts"}],"about":[{"href":"https:\/\/www.radiosanctispiritus.cu\/es\/wp-json\/wp\/v2\/types\/post"}],"author":[{"embeddable":true,"href":"https:\/\/www.radiosanctispiritus.cu\/es\/wp-json\/wp\/v2\/users\/22"}],"replies":[{"embeddable":true,"href":"https:\/\/www.radiosanctispiritus.cu\/es\/wp-json\/wp\/v2\/comments?post=16065"}],"version-history":[{"count":0,"href":"https:\/\/www.radiosanctispiritus.cu\/es\/wp-json\/wp\/v2\/posts\/16065\/revisions"}],"wp:featuredmedia":[{"embeddable":true,"href":"https:\/\/www.radiosanctispiritus.cu\/es\/wp-json\/wp\/v2\/media\/16066"}],"wp:attachment":[{"href":"https:\/\/www.radiosanctispiritus.cu\/es\/wp-json\/wp\/v2\/media?parent=16065"}],"wp:term":[{"taxonomy":"category","embeddable":true,"href":"https:\/\/www.radiosanctispiritus.cu\/es\/wp-json\/wp\/v2\/categories?post=16065"},{"taxonomy":"post_tag","embeddable":true,"href":"https:\/\/www.radiosanctispiritus.cu\/es\/wp-json\/wp\/v2\/tags?post=16065"},{"taxonomy":"author","embeddable":true,"href":"https:\/\/www.radiosanctispiritus.cu\/es\/wp-json\/wp\/v2\/coauthors?post=16065"}],"curies":[{"name":"wp","href":"https:\/\/api.w.org\/{rel}","templated":true}]}}